{"id":13096,"date":"2025-01-28T13:42:59","date_gmt":"2025-01-28T10:42:59","guid":{"rendered":"https:\/\/www.egemtv.com\/?p=13096"},"modified":"2025-01-28T13:43:01","modified_gmt":"2025-01-28T10:43:01","slug":"goztepe-furkan-bayiri-kadrosuna-kattigini-acikladi","status":"publish","type":"post","link":"https:\/\/www.egemtv.com\/?p=13096","title":{"rendered":"G\u00f6ztepe, Furkan Bay\u0131r\u2019\u0131 kadrosuna katt\u0131\u011f\u0131n\u0131 a\u00e7\u0131klad\u0131"},"content":{"rendered":"<p>G\u00f6ztepe, Corendon Alanyaspor\u2019dan savunma oyuncusu Furkan Bay\u0131r\u2019\u0131 kadrosuna katt\u0131\u011f\u0131n\u0131 duyurdu.<br \/>\n<br \/>Ara transfer d\u00f6neminde kadrosunu g\u00fc\u00e7lendirmeye devam eden G\u00f6ztepe, ilk olarak ge\u00e7ti\u011fimiz g\u00fcnlerde Athletico Paranaense\u2019den forvet oyuncusu Emersonn Correia da Silva\u2019y\u0131 renklerine ba\u011flad\u0131. \u0130zmir ekibi, \u015fimdi de savunmaya bir hamle yaparak Alanyaspor\u2019dan 24 ya\u015f\u0131ndaki defans oyuncusu Furkan Bay\u0131r\u2019\u0131 transfer etti. Konuyla ilgili sar\u0131-k\u0131rm\u0131z\u0131l\u0131 kul\u00fcpten yap\u0131lan a\u00e7\u0131klamada, \u201c2000 do\u011fumlu savunma oyuncusu Furkan Bay\u0131r ile 3.5+1 y\u0131ll\u0131k s\u00f6zle\u015fme imzalad\u0131k. Furkan Bay\u0131r\u2019a G\u00f6ztepe\u2019mize ho\u015f geldin diyor, \u015fanl\u0131 formam\u0131zla ba\u015far\u0131lar diliyoruz\u201d ifadeleri kullan\u0131ld\u0131.<br \/>\n<br \/>Son olarak Alanyaspor formas\u0131 giyen Furkan, S\u00fcper Lig kariyerinde 82 ma\u00e7a \u00e7\u0131karken, U21 Milli Tak\u0131m\u0131\u2019nda ise 4 kez g\u00f6rev ald\u0131.<br \/><\/p>\n","protected":false},"excerpt":{"rendered":"<p>G\u00f6ztepe, Corendon Alanyaspor\u2019dan savunma oyuncusu Furkan Bay\u0131r\u2019\u0131 kadrosuna katt\u0131\u011f\u0131n\u0131 duyurdu. Ara transfer d\u00f6neminde kadrosunu g\u00fc\u00e7lendirmeye devam eden G\u00f6ztepe, ilk olarak ge\u00e7ti\u011fimiz g\u00fcnlerde Athletico Paranaense\u2019den forvet oyuncusu Emersonn Correia da Silva\u2019y\u0131 renklerine ba\u011flad\u0131. \u0130zmir ekibi, \u015fimdi de savunmaya bir hamle yaparak Alanyaspor\u2019dan 24 ya\u015f\u0131ndaki defans oyuncusu Furkan Bay\u0131r\u2019\u0131 transfer etti. Konuyla ilgili sar\u0131-k\u0131rm\u0131z\u0131l\u0131 kul\u00fcpten yap\u0131lan a\u00e7\u0131klamada,&#8230;<\/p>\n","protected":false},"author":1,"featured_media":13097,"comment_status":"open","ping_status":"open","sticky":false,"template":"","format":"standard","meta":{"_crdt_document":"","footnotes":""},"categories":[4],"tags":[],"class_list":["post-13096","post","type-post","status-publish","format-standard","has-post-thumbnail","hentry","category-spor"],"_links":{"self":[{"href":"https:\/\/www.egemtv.com\/index.php?rest_route=\/wp\/v2\/posts\/13096","targetHints":{"allow":["GET"]}}],"collection":[{"href":"https:\/\/www.egemtv.com\/index.php?rest_route=\/wp\/v2\/posts"}],"about":[{"href":"https:\/\/www.egemtv.com\/index.php?rest_route=\/wp\/v2\/types\/post"}],"author":[{"embeddable":true,"href":"https:\/\/www.egemtv.com\/index.php?rest_route=\/wp\/v2\/users\/1"}],"replies":[{"embeddable":true,"href":"https:\/\/www.egemtv.com\/index.php?rest_route=%2Fwp%2Fv2%2Fcomments&post=13096"}],"version-history":[{"count":1,"href":"https:\/\/www.egemtv.com\/index.php?rest_route=\/wp\/v2\/posts\/13096\/revisions"}],"predecessor-version":[{"id":13098,"href":"https:\/\/www.egemtv.com\/index.php?rest_route=\/wp\/v2\/posts\/13096\/revisions\/13098"}],"wp:featuredmedia":[{"embeddable":true,"href":"https:\/\/www.egemtv.com\/index.php?rest_route=\/wp\/v2\/media\/13097"}],"wp:attachment":[{"href":"https:\/\/www.egemtv.com\/index.php?rest_route=%2Fwp%2Fv2%2Fmedia&parent=13096"}],"wp:term":[{"taxonomy":"category","embeddable":true,"href":"https:\/\/www.egemtv.com\/index.php?rest_route=%2Fwp%2Fv2%2Fcategories&post=13096"},{"taxonomy":"post_tag","embeddable":true,"href":"https:\/\/www.egemtv.com\/index.php?rest_route=%2Fwp%2Fv2%2Ftags&post=13096"}],"curies":[{"name":"wp","href":"https:\/\/api.w.org\/{rel}","templated":true}]}}