{"id":13093,"date":"2025-01-28T13:37:07","date_gmt":"2025-01-28T10:37:07","guid":{"rendered":"https:\/\/www.egemtv.com\/?p=13093"},"modified":"2025-01-28T13:37:09","modified_gmt":"2025-01-28T10:37:09","slug":"muglada-nitelikli-yagma-sucundan-aranan-kisi-tutuklandi","status":"publish","type":"post","link":"https:\/\/www.egemtv.com\/?p=13093","title":{"rendered":"Mu\u011fla\u2019da nitelikli ya\u011fma su\u00e7undan aranan ki\u015fi tutukland\u0131"},"content":{"rendered":"<p>Mu\u011fla\u2019n\u0131n Ortaca il\u00e7esinde polis ekipleri taraf\u0131ndan ger\u00e7ekle\u015ftirilen operasyon kapsam\u0131nda g\u00f6zalt\u0131na al\u0131nan nitelikli yapma su\u00e7undan aranan ki\u015fi emniyetteki i\u015flemlerinin ard\u0131ndan sevk edildi\u011fi adli makamlarca tutuklanarak cezaevine g\u00f6nderildi.<\/p>\n<p>Mu\u011fla \u0130l Emniyet M\u00fcd\u00fcrl\u00fc\u011f\u00fc ekipleri il genelinde aranan \u015fah\u0131slar\u0131n yakalanmas\u0131na y\u00f6nelik ger\u00e7ekle\u015ftirdikleri ba\u015far\u0131l\u0131 \u00e7al\u0131\u015fmalar\u0131na bir yenisini daha ekledi. Edinilen bilgiye g\u00f6re, 20-26 Ocak 2025 tarihleri aras\u0131nda \u00e7al\u0131\u015fmalar kapsam\u0131nda, \u2019nitelikli ya\u011fma\u2019 su\u00e7undan 10 y\u0131l 6 ay hapis cezas\u0131 ile aranan bir \u015fah\u0131s Ortaca \u0130l\u00e7e Emniyet M\u00fcd\u00fcrl\u00fc\u011f\u00fc ekipleri taraf\u0131ndan yakaland\u0131. Emniyetteki i\u015flemlerinin ard\u0131ndan adliyeye sevk edilen \u015fah\u0131s \u00e7\u0131kart\u0131ld\u0131\u011f\u0131 adli makamlarca tutuklanarak cezaevine g\u00f6nderildi.<br \/><\/p>\n","protected":false},"excerpt":{"rendered":"<p>Mu\u011fla\u2019n\u0131n Ortaca il\u00e7esinde polis ekipleri taraf\u0131ndan ger\u00e7ekle\u015ftirilen operasyon kapsam\u0131nda g\u00f6zalt\u0131na al\u0131nan nitelikli yapma su\u00e7undan aranan ki\u015fi emniyetteki i\u015flemlerinin ard\u0131ndan sevk edildi\u011fi adli makamlarca tutuklanarak cezaevine g\u00f6nderildi. Mu\u011fla \u0130l Emniyet M\u00fcd\u00fcrl\u00fc\u011f\u00fc ekipleri il genelinde aranan \u015fah\u0131slar\u0131n yakalanmas\u0131na y\u00f6nelik ger\u00e7ekle\u015ftirdikleri ba\u015far\u0131l\u0131 \u00e7al\u0131\u015fmalar\u0131na bir yenisini daha ekledi. Edinilen bilgiye g\u00f6re, 20-26 Ocak 2025 tarihleri aras\u0131nda \u00e7al\u0131\u015fmalar kapsam\u0131nda, \u2019nitelikli&#8230;<\/p>\n","protected":false},"author":1,"featured_media":13094,"comment_status":"open","ping_status":"open","sticky":false,"template":"","format":"standard","meta":{"_crdt_document":"","footnotes":""},"categories":[5],"tags":[],"class_list":["post-13093","post","type-post","status-publish","format-standard","has-post-thumbnail","hentry","category-asayis"],"_links":{"self":[{"href":"https:\/\/www.egemtv.com\/index.php?rest_route=\/wp\/v2\/posts\/13093","targetHints":{"allow":["GET"]}}],"collection":[{"href":"https:\/\/www.egemtv.com\/index.php?rest_route=\/wp\/v2\/posts"}],"about":[{"href":"https:\/\/www.egemtv.com\/index.php?rest_route=\/wp\/v2\/types\/post"}],"author":[{"embeddable":true,"href":"https:\/\/www.egemtv.com\/index.php?rest_route=\/wp\/v2\/users\/1"}],"replies":[{"embeddable":true,"href":"https:\/\/www.egemtv.com\/index.php?rest_route=%2Fwp%2Fv2%2Fcomments&post=13093"}],"version-history":[{"count":1,"href":"https:\/\/www.egemtv.com\/index.php?rest_route=\/wp\/v2\/posts\/13093\/revisions"}],"predecessor-version":[{"id":13095,"href":"https:\/\/www.egemtv.com\/index.php?rest_route=\/wp\/v2\/posts\/13093\/revisions\/13095"}],"wp:featuredmedia":[{"embeddable":true,"href":"https:\/\/www.egemtv.com\/index.php?rest_route=\/wp\/v2\/media\/13094"}],"wp:attachment":[{"href":"https:\/\/www.egemtv.com\/index.php?rest_route=%2Fwp%2Fv2%2Fmedia&parent=13093"}],"wp:term":[{"taxonomy":"category","embeddable":true,"href":"https:\/\/www.egemtv.com\/index.php?rest_route=%2Fwp%2Fv2%2Fcategories&post=13093"},{"taxonomy":"post_tag","embeddable":true,"href":"https:\/\/www.egemtv.com\/index.php?rest_route=%2Fwp%2Fv2%2Ftags&post=13093"}],"curies":[{"name":"wp","href":"https:\/\/api.w.org\/{rel}","templated":true}]}}