{"id":13090,"date":"2025-01-28T13:37:02","date_gmt":"2025-01-28T10:37:02","guid":{"rendered":"https:\/\/www.egemtv.com\/?p=13090"},"modified":"2025-01-28T13:37:06","modified_gmt":"2025-01-28T10:37:06","slug":"seydikemerde-yarali-halde-bulunan-sahin-ekiplere-teslim-edilecek","status":"publish","type":"post","link":"https:\/\/www.egemtv.com\/?p=13090","title":{"rendered":"Seydikemer\u2019de yaral\u0131 halde bulunan \u015eahin ekiplere teslim edilecek"},"content":{"rendered":"<p>Mu\u011fla\u2019n\u0131n Seydikemer il\u00e7esinde Nurcan Yara\u015f, bitkin halde buldu\u011fu yaral\u0131 \u015fahini evine g\u00f6t\u00fcrerek koruma alt\u0131na ald\u0131. Y\u0131rt\u0131c\u0131 ku\u015fun tedavi i\u00e7in yetkililere teslim edilece\u011fi \u00f6\u011frenildi.<\/p>\n<p>Seydikemer il\u00e7esine ba\u011fl\u0131 Toplar Mahallesi\u2019nde Nurcan Yara\u015f isimli bir kad\u0131n, yaral\u0131 ve bitkin halde bir \u015fahin buldu. \u015eahini g\u00f6ren Yara\u015f, ku\u015fu dikkatlice al\u0131p evine g\u00f6t\u00fcrd\u00fc. Y\u0131rt\u0131c\u0131 ku\u015fu kafese koyarak g\u00fcvenli bir ortamda besleyen Yara\u015f, hayvan\u0131n yeniden g\u00fc\u00e7 kazanmas\u0131na yard\u0131mc\u0131 oldu. Nurcan Yara\u015f\u2019\u0131n, yaral\u0131 \u015fahini Milli Parklar M\u00fcd\u00fcrl\u00fc\u011f\u00fc\u2019ne teslim edece\u011fi \u00f6\u011frenildi. \u015eahinin, gerekli tedavi ve rehabilitasyonun ard\u0131ndan do\u011faya sal\u0131nacak.<br \/><\/p>\n","protected":false},"excerpt":{"rendered":"<p>Mu\u011fla\u2019n\u0131n Seydikemer il\u00e7esinde Nurcan Yara\u015f, bitkin halde buldu\u011fu yaral\u0131 \u015fahini evine g\u00f6t\u00fcrerek koruma alt\u0131na ald\u0131. Y\u0131rt\u0131c\u0131 ku\u015fun tedavi i\u00e7in yetkililere teslim edilece\u011fi \u00f6\u011frenildi. Seydikemer il\u00e7esine ba\u011fl\u0131 Toplar Mahallesi\u2019nde Nurcan Yara\u015f isimli bir kad\u0131n, yaral\u0131 ve bitkin halde bir \u015fahin buldu. \u015eahini g\u00f6ren Yara\u015f, ku\u015fu dikkatlice al\u0131p evine g\u00f6t\u00fcrd\u00fc. Y\u0131rt\u0131c\u0131 ku\u015fu kafese koyarak g\u00fcvenli bir ortamda&#8230;<\/p>\n","protected":false},"author":1,"featured_media":13091,"comment_status":"open","ping_status":"open","sticky":false,"template":"","format":"standard","meta":{"_crdt_document":"","footnotes":""},"categories":[1],"tags":[],"class_list":["post-13090","post","type-post","status-publish","format-standard","has-post-thumbnail","hentry","category-guncel"],"_links":{"self":[{"href":"https:\/\/www.egemtv.com\/index.php?rest_route=\/wp\/v2\/posts\/13090","targetHints":{"allow":["GET"]}}],"collection":[{"href":"https:\/\/www.egemtv.com\/index.php?rest_route=\/wp\/v2\/posts"}],"about":[{"href":"https:\/\/www.egemtv.com\/index.php?rest_route=\/wp\/v2\/types\/post"}],"author":[{"embeddable":true,"href":"https:\/\/www.egemtv.com\/index.php?rest_route=\/wp\/v2\/users\/1"}],"replies":[{"embeddable":true,"href":"https:\/\/www.egemtv.com\/index.php?rest_route=%2Fwp%2Fv2%2Fcomments&post=13090"}],"version-history":[{"count":1,"href":"https:\/\/www.egemtv.com\/index.php?rest_route=\/wp\/v2\/posts\/13090\/revisions"}],"predecessor-version":[{"id":13092,"href":"https:\/\/www.egemtv.com\/index.php?rest_route=\/wp\/v2\/posts\/13090\/revisions\/13092"}],"wp:featuredmedia":[{"embeddable":true,"href":"https:\/\/www.egemtv.com\/index.php?rest_route=\/wp\/v2\/media\/13091"}],"wp:attachment":[{"href":"https:\/\/www.egemtv.com\/index.php?rest_route=%2Fwp%2Fv2%2Fmedia&parent=13090"}],"wp:term":[{"taxonomy":"category","embeddable":true,"href":"https:\/\/www.egemtv.com\/index.php?rest_route=%2Fwp%2Fv2%2Fcategories&post=13090"},{"taxonomy":"post_tag","embeddable":true,"href":"https:\/\/www.egemtv.com\/index.php?rest_route=%2Fwp%2Fv2%2Ftags&post=13090"}],"curies":[{"name":"wp","href":"https:\/\/api.w.org\/{rel}","templated":true}]}}