{"id":13087,"date":"2025-01-28T13:34:29","date_gmt":"2025-01-28T10:34:29","guid":{"rendered":"https:\/\/www.egemtv.com\/?p=13087"},"modified":"2025-01-28T13:34:31","modified_gmt":"2025-01-28T10:34:31","slug":"taklit-peynir-uretim-tesisine-yapilan-operasyon-jandarma-kamerasina-yansidi","status":"publish","type":"post","link":"https:\/\/www.egemtv.com\/?p=13087","title":{"rendered":"Taklit peynir \u00fcretim tesisine yap\u0131lan operasyon jandarma kameras\u0131na yans\u0131d\u0131"},"content":{"rendered":"<p>Afyonkarahisar\u2019da \u00e7e\u015fitli markalar\u0131 taklit ederek peynir \u00fcretimi ger\u00e7ekle\u015ftiren tesise jandarma taraf\u0131ndan ge\u00e7ti\u011fimiz hafta sonu yap\u0131lan 30 ton ka\u015far, 31 ton s\u00fct ve bir ton beyaz peynirin ele ge\u00e7irildi\u011fi bask\u0131n\u0131n operasyon an\u0131 g\u00f6r\u00fcnt\u00fcleri ortaya \u00e7\u0131kt\u0131. Ele ge\u00e7irilen baz\u0131 \u00fcr\u00fcnlerin son kullanma tarihlerinin ge\u00e7mesine ra\u011fmen imha edilmedi\u011fi g\u00f6r\u00fcld\u00fc.<br \/>\n<br \/>Operasyon, ge\u00e7ti\u011fimiz hafta sonu Bolvadin il\u00e7esinde yap\u0131ld\u0131. Edinilen bilgilere g\u00f6re, Afyonkarahisar \u0130l Jandarma Komutanl\u0131\u011f\u0131 ekipleri Bolvadin il\u00e7esinde faaliyet g\u00f6steren bir i\u015fletmede farkl\u0131 markalara ait \u00fcr\u00fcnlerin taklit edilerek sat\u0131\u015fa sunuldu\u011fu y\u00f6n\u00fcnde bilgi ald\u0131. Ard\u0131ndan harekete ge\u00e7en ekipler s\u00f6z konusu tesise bask\u0131n yaparak arama yapt\u0131. Aramada 30 ton ka\u015far, 1 ton beyaz peynir, 31 ton s\u00fct, 263 bin adet marka etiketi ve paketlemede kullan\u0131lan binlerce koli ve paket ele ge\u00e7irildi.<br \/>\n<br \/>Ger\u00e7ekle\u015ftirilen operasyon an\u0131 ise jandarman\u0131n kameras\u0131na yans\u0131d\u0131. G\u00f6r\u00fcnt\u00fclerde bask\u0131n yap\u0131lan tesisin depo k\u0131sm\u0131na girildi\u011fi ve \u00fcr\u00fcnlerin ele ge\u00e7irildi\u011fi g\u00f6zlendi. Ele ge\u00e7irilen baz\u0131 \u00fcr\u00fcnlerin son kullanma tarihlerinin ge\u00e7ti\u011fimiz ay dolmas\u0131na ra\u011fmen halen saklan\u0131yor olmas\u0131 da dikkat \u00e7ekti.<br \/><\/p>\n","protected":false},"excerpt":{"rendered":"<p>Afyonkarahisar\u2019da \u00e7e\u015fitli markalar\u0131 taklit ederek peynir \u00fcretimi ger\u00e7ekle\u015ftiren tesise jandarma taraf\u0131ndan ge\u00e7ti\u011fimiz hafta sonu yap\u0131lan 30 ton ka\u015far, 31 ton s\u00fct ve bir ton beyaz peynirin ele ge\u00e7irildi\u011fi bask\u0131n\u0131n operasyon an\u0131 g\u00f6r\u00fcnt\u00fcleri ortaya \u00e7\u0131kt\u0131. Ele ge\u00e7irilen baz\u0131 \u00fcr\u00fcnlerin son kullanma tarihlerinin ge\u00e7mesine ra\u011fmen imha edilmedi\u011fi g\u00f6r\u00fcld\u00fc. Operasyon, ge\u00e7ti\u011fimiz hafta sonu Bolvadin il\u00e7esinde yap\u0131ld\u0131. Edinilen bilgilere&#8230;<\/p>\n","protected":false},"author":1,"featured_media":13088,"comment_status":"open","ping_status":"open","sticky":false,"template":"","format":"standard","meta":{"_crdt_document":"","footnotes":""},"categories":[5],"tags":[],"class_list":["post-13087","post","type-post","status-publish","format-standard","has-post-thumbnail","hentry","category-asayis"],"_links":{"self":[{"href":"https:\/\/www.egemtv.com\/index.php?rest_route=\/wp\/v2\/posts\/13087","targetHints":{"allow":["GET"]}}],"collection":[{"href":"https:\/\/www.egemtv.com\/index.php?rest_route=\/wp\/v2\/posts"}],"about":[{"href":"https:\/\/www.egemtv.com\/index.php?rest_route=\/wp\/v2\/types\/post"}],"author":[{"embeddable":true,"href":"https:\/\/www.egemtv.com\/index.php?rest_route=\/wp\/v2\/users\/1"}],"replies":[{"embeddable":true,"href":"https:\/\/www.egemtv.com\/index.php?rest_route=%2Fwp%2Fv2%2Fcomments&post=13087"}],"version-history":[{"count":1,"href":"https:\/\/www.egemtv.com\/index.php?rest_route=\/wp\/v2\/posts\/13087\/revisions"}],"predecessor-version":[{"id":13089,"href":"https:\/\/www.egemtv.com\/index.php?rest_route=\/wp\/v2\/posts\/13087\/revisions\/13089"}],"wp:featuredmedia":[{"embeddable":true,"href":"https:\/\/www.egemtv.com\/index.php?rest_route=\/wp\/v2\/media\/13088"}],"wp:attachment":[{"href":"https:\/\/www.egemtv.com\/index.php?rest_route=%2Fwp%2Fv2%2Fmedia&parent=13087"}],"wp:term":[{"taxonomy":"category","embeddable":true,"href":"https:\/\/www.egemtv.com\/index.php?rest_route=%2Fwp%2Fv2%2Fcategories&post=13087"},{"taxonomy":"post_tag","embeddable":true,"href":"https:\/\/www.egemtv.com\/index.php?rest_route=%2Fwp%2Fv2%2Ftags&post=13087"}],"curies":[{"name":"wp","href":"https:\/\/api.w.org\/{rel}","templated":true}]}}