{"id":13084,"date":"2025-01-28T13:13:15","date_gmt":"2025-01-28T10:13:15","guid":{"rendered":"https:\/\/www.egemtv.com\/?p=13084"},"modified":"2025-01-28T13:13:18","modified_gmt":"2025-01-28T10:13:18","slug":"yunusemrede-dil-terapisti-hizmeti-baslayacak","status":"publish","type":"post","link":"https:\/\/www.egemtv.com\/?p=13084","title":{"rendered":"Yunusemre\u2019de dil terapisti hizmeti ba\u015flayacak"},"content":{"rendered":"<p>Yunusemre Belediye Ba\u015fkan\u0131 Semih Balaban, 2025 y\u0131l\u0131n\u0131n ilk bas\u0131n toplant\u0131s\u0131nda bir ay i\u00e7erisinde yap\u0131lan \u00e7al\u0131\u015fmalar\u0131 kamuoyu ile payla\u015ft\u0131. Ba\u015fkan Balaban toplant\u0131da yapt\u0131\u011f\u0131 a\u00e7\u0131klamada, yeni bir hizmeti daha hayata ge\u00e7ireceklerini ifade ederek, \u201cDil Terapisti hizmetini \u00fccretsiz olarak ba\u015flataca\u011f\u0131z. Dil terapisti hizmetimiz \u015eubat ay\u0131 i\u00e7erisinde ba\u015fl\u0131yor\u201d dedi.<br \/>\n<br \/>Yunusemre Belediye Ba\u015fkan\u0131 Semih Balaban, 2025 y\u0131l\u0131n\u0131n ilk bas\u0131n toplant\u0131s\u0131n\u0131 ger\u00e7ekle\u015ftirerek ge\u00e7en bir ayl\u0131k zaman i\u00e7erisinde yap\u0131lan \u00e7al\u0131\u015fmalar ile ilgili kamuoyuna bilgilendirmede bulundu. Ba\u015fkanl\u0131k makam\u0131nda d\u00fczenlenen Ocak ay\u0131 bas\u0131n toplant\u0131s\u0131na ba\u015fkan yard\u0131mc\u0131lar\u0131 da kat\u0131ld\u0131. S\u00f6zlerine Bolu\u2019da ya\u015fanan faciadan dolay\u0131 \u00fcz\u00fcnt\u00fcy\u00fc dile getirerek ba\u015flayan Ba\u015fkan Balaban, \u201c78 de\u011ferli insan\u0131m\u0131z\u0131 kaybetmenin \u00fcz\u00fcnt\u00fcs\u00fc ile onlar\u0131 anarak ba\u015fl\u0131yorum. Hepsi de p\u0131r\u0131l p\u0131r\u0131l insanlar. \u0130hmaller sonucu hayatlar\u0131n\u0131 kaybettiler. Hayat\u0131n\u0131 kaybeden vatanda\u015flar\u0131m\u0131za Allah\u2019tan rahmet, kederli ailelerine tekrar ba\u015f sa\u011fl\u0131\u011f\u0131 diliyorum. Ayr\u0131ca, Konya\u2019da binam\u0131z\u0131n \u00e7\u00f6kmesi sonucu can veren o g\u00fczel ailemizi de sayg\u0131yla an\u0131yorum. Bu ac\u0131 olaylar\u0131n art\u0131k  21. y\u00fczy\u0131lda \u00fclkemizde ya\u015fanmamas\u0131n\u0131 diliyorum\u201d dedi.<\/p>\n<p>\u201c\u00dccretsiz wifi ba\u015flad\u0131 mahalle ziyaretleri s\u00fcr\u00fcyor\u201d<br \/>\n<br \/>Konu\u015fmas\u0131n\u0131n devam\u0131nda hayat\u0131n her alan\u0131na dokunduklar\u0131n\u0131 vurgulayan Ba\u015fkan Balaban, belediye b\u00fcnyesinde \u00fccretsiz internet hizmeti getirdiklerini kaydetti. Ba\u015fkan konuyla ilgili olarak, \u201cHem 100. Y\u0131l Meydan\u0131\u2019m\u0131zda hem de belediyemiz b\u00fcnyesinde vatanda\u015flar\u0131m\u0131za \u00fccretsiz internet hizmeti ba\u015flatt\u0131k.\u201d dedi.<br \/>\n<br \/>Mahalle \u00e7al\u0131\u015fmalar\u0131 kapsam\u0131nda her hafta bir mahallede  ziyaretler yapt\u0131klar\u0131n\u0131 belirten Balaban, \u201cHer hafta vatanda\u015f\u0131m\u0131z ile bulu\u015fuyoruz. Her zaman oldu\u011fu gibi halk\u0131m\u0131z ile i\u00e7 i\u00e7e oluyoruz. 2 y\u0131l \u00f6nce nas\u0131l halk\u0131n i\u00e7indeysek yine belediye ba\u015fkan\u0131 olarak Ba\u015fkan yard\u0131mc\u0131lar\u0131m\u0131z ve ekibimiz ile halk\u0131m\u0131z\u0131n yan\u0131nday\u0131z. Bundan gurur duyuyoruz.\u201d \u015feklinde konu\u015ftu.<br \/>\n<br \/>Kad\u0131nlar\u0131n \u00fcrettikleri el eme\u011fi \u00fcr\u00fcnler i\u00e7in onlara \u00f6zel Kad\u0131n El \u00dcretici Pazarlar\u0131 kurduklar\u0131n\u0131 dile getiren Ba\u015fkan Balaban, \u201cBuradan da kad\u0131nlar\u0131m\u0131z\u0131n \u00f6zg\u00fcrle\u015fmesine ekonomik b\u00fct\u00e7elerine katk\u0131 yapmalar\u0131na b\u00fcy\u00fck bir destek sa\u011flad\u0131k.\u201d ifadelerini kulland\u0131.<\/p>\n<p>\u201cGece n\u00f6bet\u00e7i \u00e7ocuk merkezi uygulamas\u0131n\u0131 ba\u015flatt\u0131k\u201d<br \/>\n<br \/>A\u00e7\u0131klamas\u0131n\u0131n ikinci k\u0131sm\u0131nda \u00c7ocuk K\u00fclt\u00fcr Merkezleri\u2019ne \u00f6nem verdiklerini vurgulayan Ba\u015fkan Balaban s\u00f6zlerine \u015fu ifadelerle devam etti: \u201cYine \u00f6nemli bir plan\u0131m\u0131z \u00c7ocuk K\u00fclt\u00fcr Merkezlerimiz. Bizim d\u00f6nemimizde yeni bir \u00c7ocuk K\u00fclt\u00fcr Merkezi daha a\u00e7t\u0131k. Bundan sonraki s\u00fcre\u00e7te de Haziran sonuna kadar en az 3 \u00c7ocuk K\u00fclt\u00fcr Merkezi daha a\u00e7may\u0131 planl\u0131yoruz. Daha \u00f6nce ge\u00e7en 10 y\u0131ll\u0131k s\u00fcre\u00e7 i\u00e7erisinde 4 \u00c7ocuk K\u00fclt\u00fcr Merkezi a\u00e7\u0131lm\u0131\u015fken, bizim d\u00f6nemimizde 4 yeni \u00c7ocuk K\u00fclt\u00fcr Merkezi\u2019ni hayata ge\u00e7irmeyi planl\u0131yoruz. Bu da bizim aileye verdi\u011fimiz \u00f6nemin g\u00f6stergesidir. Manisa\u2019da olmayan bir uygulama Gece N\u00f6bet\u00e7i \u00c7ocuk Merkezi uygulamas\u0131 ba\u015flatt\u0131k. Aileler \u00e7ocuklar\u0131n\u0131 G\u00fczelyurt\u2019ta  bulunan \u00c7ocuk K\u00fclt\u00fcr Merkezi\u2019mize b\u0131rakabiliyorlar. Halka do\u011frudan her konuda dokunuyoruz. Ne eksik varsa onlar\u0131 da gidermeye \u00e7al\u0131\u015f\u0131yoruz.\u201d<br \/>\n<br \/>Ba\u015fkan Balaban ayr\u0131ca, ge\u00e7ti\u011fimiz g\u00fcnlerde emekli Vali Yard\u0131mc\u0131s\u0131 Ya\u015far Tok\u2019un ismini Uncubozk\u00f6y Mahallesi\u2019ndeki bir soka\u011fa verildi\u011fini belirterek vefa \u00f6rne\u011fi sergilediklerini dile getirdi. Ge\u00e7en bir ayl\u0131k s\u00fcre\u00e7te yap\u0131lanlar\u0131 anlatmaya devam eden Ba\u015fkan Balaban, \u201cHer kesimden vatanda\u015f\u0131m\u0131za m\u00fczi\u011fi g\u00f6t\u00fcrd\u00fck. Her mahallemizde Yunusemre\u2019nin Ritmi Mahallelerde At\u0131yor slogan\u0131yla konserler d\u00fczenliyoruz. Horozk\u00f6y\u2019de g\u00fczel bir konser yapt\u0131k. Barbaros\u2019ta verece\u011fimiz konseri ac\u0131 olaylar\u0131m\u0131zdan dolay\u0131 ertelemi\u015ftik. Sanat\u0131 do\u011frudan halka g\u00f6t\u00fcrmek ad\u0131na \u00f6nemli ad\u0131mlar att\u0131k. U\u011fur Mumcu K\u00fct\u00fcphanesi\u2019nde Rasime \u015eeyho\u011flu-Yusuf At\u0131lgan Ayd\u0131nlanma Evi olu\u015fturduk. Bizlere her zaman destekte bulunan Recai \u015eeyho\u011flu\u2019na da buradan te\u015fekk\u00fcr ediyorum.\u201d<\/p>\n<p>Dil terapisti hizmete giriyor<br \/>\n<br \/>Bu g\u00fcne kadar Manisa\u2019da hi\u00e7bir zaman uygulanmayan bir \u00e7ok hizmeti kazand\u0131rd\u0131klar\u0131n\u0131 belirten Ba\u015fkan Balaban, \u201cDiyetisyen, fizyoterapi ve psikolog hizmetleri ba\u015flatm\u0131\u015ft\u0131k. Bunlar\u0131n yan\u0131 s\u0131ra dil terapisti hizmetini hayata ge\u00e7irece\u011fiz. \u00dccretsiz hizmete ba\u015flayacak. \u015eimdiden de onlarca talep ald\u0131k. Dil terapisti hizmetimiz \u015eubat ay\u0131 i\u00e7erisinde ba\u015fl\u0131yor\u201d dedi.<br \/>\n<br \/>Hayvan Ya\u015fam Merkezi\u2019ni en ge\u00e7 25 Mart\u2019ta Manisa B\u00fcy\u00fck\u015fehir Belediyesiyle birlikte a\u00e7acaklar\u0131n\u0131 belirten Balaban, \u201cHem sokak hayvanlar\u0131n\u0131n bir b\u00f6l\u00fcm\u00fcn\u00fc rehabilite edece\u011fiz hem de k\u0131s\u0131rla\u015ft\u0131rmalara devam edece\u011fiz. Biz k\u0131s\u0131rla\u015ft\u0131rmalara A\u011fustos ay\u0131 itibariyle ba\u015flam\u0131\u015ft\u0131k. Bu da halk\u0131m\u0131z\u0131n en temel sorunlar\u0131ndan birisinin \u00e7\u00f6z\u00fcm\u00fc noktas\u0131nda \u00f6nemli bir \u00e7al\u0131\u015fmad\u0131r.\u201d dedi.<br \/>\n<br \/>\u201cMuradiye yeni yola TCDD izin vermiyor\u201d<br \/>\n<br \/>Muradiye\u2019nin trafik sorununa \u00e7\u00f6z\u00fcm noktas\u0131nda bir proje hayata ge\u00e7irmek istediklerini, ancak TCDD\u2019nin proje onay vermedi\u011fini ifade eden Ba\u015fkan Balaban konuyla ilgili olarak \u015fu ifadelere yer verdi: \u201cGe\u00e7ti\u011fimiz ay i\u00e7erisinde Muradiye Ek Hizmet binas\u0131n\u0131 hizmete sokarak, hem Muradiye Mahallesi\u2019ndeki vatanda\u015flar\u0131m\u0131zdan hem de Yuntda\u011f\u0131 b\u00f6lgesindeki hem\u015fehrilerimizden binlerce te\u015fekk\u00fcr ald\u0131k. Muradiye\u2019nin en \u00f6nemli sorunlar\u0131ndan bir tanesinin trafik sorunu oldu\u011funu biliyoruz. Ya\u015fanan trafik sorunu bir nebze rahatlatmak i\u00e7in bir ara yoldan ana caddeye yol projesi geli\u015ftirdik. Yeni bir \u00e7\u0131k\u0131\u015f yolu olmas\u0131n\u0131 istedik. Ancak bu \u00e7al\u0131\u015fmam\u0131za T\u00fcrkiye Cumhuriyeti Devlet Demir Yollar\u0131(TCDD) buna izin vermedi\u011fi i\u00e7in ger\u00e7ekle\u015ftiremiyoruz.\u201d<br \/>\n<br \/>Konu\u015fmas\u0131nda ayr\u0131ca hayata ge\u00e7irmeyi planlad\u0131klar\u0131 TIR Park\u0131 proje hakk\u0131nda da k\u0131sa bilgi veren Ba\u015fkan Balaban, \u201cK\u00fc\u00e7\u00fck Sanayi de T\u0131r Park\u0131 projemiz var. Onu da ilerleyen s\u00fcre\u00e7te  hayata ge\u00e7irece\u011fiz. Otopark \u00e7al\u0131\u015fmas\u0131 noktas\u0131nda da Ferdi Zeyrek ba\u015fkan\u0131m\u0131z ile beraber dikey otoparklar noktas\u0131nda \u00e7al\u0131\u015fmalar yapmay\u0131 planl\u0131yoruz. Ruhsat har\u00e7lar\u0131nda yapt\u0131\u011f\u0131m\u0131z yanl\u0131\u015f uygulama ile ilgili geri ad\u0131m att\u0131k.\u201d ifadelerini kulland\u0131.<\/p>\n<p>G\u00fcndemdeki konular\u0131 de\u011ferlendirdi<br \/>\n<br \/>Konu\u015fmas\u0131n\u0131n son k\u0131sm\u0131nda g\u00fcndemde ya\u015fanan olaylar\u0131 de\u011ferlendiren Ba\u015fkan Balaban konu\u015fmas\u0131n\u0131n \u015f\u00f6yle sonland\u0131rd\u0131: \u201cGenel Ba\u015fkanlar her t\u00fcrl\u00fc d\u00fc\u015f\u00fcnceyi s\u00f6yleyebilmeli. Zafer Partisi Genel Ba\u015fkan\u0131 \u00dcmit \u00d6zda\u011f\u2019\u0131n tutuklanmas\u0131n\u0131 do\u011fru bulmuyoruz. T\u00fcrkiye\u2019nin de\u011feri Ay\u015fe Bar\u0131m\u2019\u0131n tutuklanmas\u0131n\u0131 do\u011fru bulmuyorum. Say\u0131n Genel Ba\u015fkan\u0131m\u0131z \u00d6zg\u00fcr \u00d6zel ile sonuna kadar beraberiz. Manisa B\u00fcy\u00fck\u015fehir Belediye Ba\u015fkan\u0131 Ferdi Zeyrek te Manisa\u2019da iyi i\u015fler yap\u0131yor. Onunla da uyum i\u00e7erisinde \u00e7al\u0131\u015fmalar\u0131m\u0131z s\u00fcrd\u00fcr\u00fcyoruz. \u0130l Ba\u015fkan\u0131m\u0131z ve il\u00e7e ba\u015fkan\u0131m\u0131z da uyum i\u00e7erisinde birlik beraberlik i\u00e7erisindeyiz. Ayn\u0131 zamanda Meclis \u00dcyemiz Mert Can \u00dcreten\u2019in de g\u00f6zalt\u0131nda ev hapsinde olmas\u0131n\u0131 do\u011fru bulmuyoruz. Oda bizim i\u00e7in de\u011ferli bir karde\u015fimizdir. Her zaman yan\u0131nday\u0131z. Demokrasi oldu\u011fu s\u00fcrece \u00fclkeler geli\u015fir. Her anlamda demokrasinin olmas\u0131 i\u00e7in bu m\u00fccadelemizi s\u00fcrd\u00fcrece\u011fiz. B\u00fct\u00fcn vatanda\u015flar\u0131m\u0131z\u0131n emrindeyiz.\u201d<br \/>\n<br \/>Ba\u015fkan Balaban bas\u0131n toplant\u0131s\u0131n\u0131n devam\u0131nda gazetecilerin sorular\u0131n\u0131 yan\u0131tlad\u0131.<br \/><\/p>\n","protected":false},"excerpt":{"rendered":"<p>Yunusemre Belediye Ba\u015fkan\u0131 Semih Balaban, 2025 y\u0131l\u0131n\u0131n ilk bas\u0131n toplant\u0131s\u0131nda bir ay i\u00e7erisinde yap\u0131lan \u00e7al\u0131\u015fmalar\u0131 kamuoyu ile payla\u015ft\u0131. Ba\u015fkan Balaban toplant\u0131da yapt\u0131\u011f\u0131 a\u00e7\u0131klamada, yeni bir hizmeti daha hayata ge\u00e7ireceklerini ifade ederek, \u201cDil Terapisti hizmetini \u00fccretsiz olarak ba\u015flataca\u011f\u0131z. Dil terapisti hizmetimiz \u015eubat ay\u0131 i\u00e7erisinde ba\u015fl\u0131yor\u201d dedi. Yunusemre Belediye Ba\u015fkan\u0131 Semih Balaban, 2025 y\u0131l\u0131n\u0131n ilk bas\u0131n toplant\u0131s\u0131n\u0131&#8230;<\/p>\n","protected":false},"author":1,"featured_media":13085,"comment_status":"open","ping_status":"open","sticky":false,"template":"","format":"standard","meta":{"_crdt_document":"","footnotes":""},"categories":[1],"tags":[],"class_list":["post-13084","post","type-post","status-publish","format-standard","has-post-thumbnail","hentry","category-guncel"],"_links":{"self":[{"href":"https:\/\/www.egemtv.com\/index.php?rest_route=\/wp\/v2\/posts\/13084","targetHints":{"allow":["GET"]}}],"collection":[{"href":"https:\/\/www.egemtv.com\/index.php?rest_route=\/wp\/v2\/posts"}],"about":[{"href":"https:\/\/www.egemtv.com\/index.php?rest_route=\/wp\/v2\/types\/post"}],"author":[{"embeddable":true,"href":"https:\/\/www.egemtv.com\/index.php?rest_route=\/wp\/v2\/users\/1"}],"replies":[{"embeddable":true,"href":"https:\/\/www.egemtv.com\/index.php?rest_route=%2Fwp%2Fv2%2Fcomments&post=13084"}],"version-history":[{"count":1,"href":"https:\/\/www.egemtv.com\/index.php?rest_route=\/wp\/v2\/posts\/13084\/revisions"}],"predecessor-version":[{"id":13086,"href":"https:\/\/www.egemtv.com\/index.php?rest_route=\/wp\/v2\/posts\/13084\/revisions\/13086"}],"wp:featuredmedia":[{"embeddable":true,"href":"https:\/\/www.egemtv.com\/index.php?rest_route=\/wp\/v2\/media\/13085"}],"wp:attachment":[{"href":"https:\/\/www.egemtv.com\/index.php?rest_route=%2Fwp%2Fv2%2Fmedia&parent=13084"}],"wp:term":[{"taxonomy":"category","embeddable":true,"href":"https:\/\/www.egemtv.com\/index.php?rest_route=%2Fwp%2Fv2%2Fcategories&post=13084"},{"taxonomy":"post_tag","embeddable":true,"href":"https:\/\/www.egemtv.com\/index.php?rest_route=%2Fwp%2Fv2%2Ftags&post=13084"}],"curies":[{"name":"wp","href":"https:\/\/api.w.org\/{rel}","templated":true}]}}