{"id":13078,"date":"2025-01-28T12:46:47","date_gmt":"2025-01-28T09:46:47","guid":{"rendered":"https:\/\/www.egemtv.com\/?p=13078"},"modified":"2025-01-28T12:46:48","modified_gmt":"2025-01-28T09:46:48","slug":"tabelada-yazili-olan-ile-yapilan-is-gorenleri-hayrete-dusurdu","status":"publish","type":"post","link":"https:\/\/www.egemtv.com\/?p=13078","title":{"rendered":"Tabelada yaz\u0131l\u0131 olan ile yap\u0131lan i\u015f g\u00f6renleri hayrete d\u00fc\u015f\u00fcrd\u00fc"},"content":{"rendered":"<p>Ayd\u0131n\u2019\u0131n Efeler il\u00e7esinde karayollar\u0131 ekipleri taraf\u0131ndan kesilen a\u011fa\u00e7lar\u0131n dallar\u0131 y\u00fcr\u00fcy\u00fc\u015f yolundan uzun s\u00fcredir al\u0131nmazken, b\u00f6lgedeki karayolu tabelas\u0131nda yazan &#8220;Karayolumuzu temiz tutal\u0131m&#8221; ibaresiyle tezat olu\u015fturuyor. Sabah spora giden vatanda\u015flar ve yayalar, y\u00fcr\u00fcy\u00fc\u015f yolu kapal\u0131 olmas\u0131 nedeniyle karayolunun ortas\u0131nda y\u00fcr\u00fcmek zorunda kal\u0131yor.<br \/>\n<br \/>Ocak ay\u0131n\u0131n ba\u015f\u0131nda Karayollar\u0131 Genel M\u00fcd\u00fcrl\u00fc\u011f\u00fc ekipleri, Ayd\u0131n-\u0130ncirliova karayolu \u00fczerindeki a\u011fa\u00e7lar\u0131n bir b\u00f6l\u00fcm\u00fcn\u00fc budad\u0131. Yakla\u015f\u0131k bir hafta budama i\u015flemi s\u00fcrd\u00fc. Ekipler, budad\u0131klar\u0131 a\u011fa\u00e7lar\u0131n dallar\u0131n\u0131 y\u00fcr\u00fcy\u00fc\u015f yoluna b\u0131rakt\u0131. Karayoluna d\u00fc\u015fen a\u011fa\u00e7lar al\u0131n\u0131p y\u00fcr\u00fcy\u00fc\u015f yoluna at\u0131ld\u0131. Ocak ay\u0131n\u0131n sonuna gelinmesine ra\u011fmen budanan a\u011fa\u00e7lar\u0131n dallar\u0131 y\u00fcr\u00fcy\u00fc\u015f yolundan al\u0131nmad\u0131.<br \/>\n<br \/>\u2018Karayolumuzu temiz tutal\u0131m\u2019 yaz\u0131l\u0131 tabelas\u0131n bulundu\u011fu b\u00f6lgede b\u00f6yle bir olay\u0131n ya\u015fanmas\u0131 ise d\u00fc\u015f\u00fcnd\u00fcrd\u00fc. \u00d6zellikle o b\u00f6lgede \u00f6zel okullar ve d\u00fc\u011f\u00fcn salonlar\u0131n\u0131n yo\u011funlukta olmas\u0131, okula giden \u00f6\u011frenciler, \u00f6\u011fretmenler, veliler ve d\u00fc\u011f\u00fcne giden vatanda\u015flar\u0131n karayolunda y\u00fcr\u00fcmek zorunda kalmas\u0131 trafi\u011fi tehlikeye d\u00fc\u015f\u00fcr\u00fcyor. D\u00fczenli spor yapan vatanda\u015flar da y\u00fcr\u00fcy\u00fc\u015f yolunun kapal\u0131 olmas\u0131ndan dolay\u0131 rahats\u0131z olduklar\u0131n\u0131 ifade ederlerken, karayollar\u0131 ekiplerinin bir an \u00f6nce y\u00fcr\u00fcy\u00fc\u015f yoluna at\u0131lan dallar\u0131n kald\u0131r\u0131lmas\u0131n\u0131 talep ediyor.<br \/><\/p>\n","protected":false},"excerpt":{"rendered":"<p>Ayd\u0131n\u2019\u0131n Efeler il\u00e7esinde karayollar\u0131 ekipleri taraf\u0131ndan kesilen a\u011fa\u00e7lar\u0131n dallar\u0131 y\u00fcr\u00fcy\u00fc\u015f yolundan uzun s\u00fcredir al\u0131nmazken, b\u00f6lgedeki karayolu tabelas\u0131nda yazan &#8220;Karayolumuzu temiz tutal\u0131m&#8221; ibaresiyle tezat olu\u015fturuyor. Sabah spora giden vatanda\u015flar ve yayalar, y\u00fcr\u00fcy\u00fc\u015f yolu kapal\u0131 olmas\u0131 nedeniyle karayolunun ortas\u0131nda y\u00fcr\u00fcmek zorunda kal\u0131yor. Ocak ay\u0131n\u0131n ba\u015f\u0131nda Karayollar\u0131 Genel M\u00fcd\u00fcrl\u00fc\u011f\u00fc ekipleri, Ayd\u0131n-\u0130ncirliova karayolu \u00fczerindeki a\u011fa\u00e7lar\u0131n bir b\u00f6l\u00fcm\u00fcn\u00fc budad\u0131. Yakla\u015f\u0131k&#8230;<\/p>\n","protected":false},"author":1,"featured_media":13079,"comment_status":"open","ping_status":"open","sticky":false,"template":"","format":"standard","meta":{"_crdt_document":"","footnotes":""},"categories":[1],"tags":[],"class_list":["post-13078","post","type-post","status-publish","format-standard","has-post-thumbnail","hentry","category-guncel"],"_links":{"self":[{"href":"https:\/\/www.egemtv.com\/index.php?rest_route=\/wp\/v2\/posts\/13078","targetHints":{"allow":["GET"]}}],"collection":[{"href":"https:\/\/www.egemtv.com\/index.php?rest_route=\/wp\/v2\/posts"}],"about":[{"href":"https:\/\/www.egemtv.com\/index.php?rest_route=\/wp\/v2\/types\/post"}],"author":[{"embeddable":true,"href":"https:\/\/www.egemtv.com\/index.php?rest_route=\/wp\/v2\/users\/1"}],"replies":[{"embeddable":true,"href":"https:\/\/www.egemtv.com\/index.php?rest_route=%2Fwp%2Fv2%2Fcomments&post=13078"}],"version-history":[{"count":1,"href":"https:\/\/www.egemtv.com\/index.php?rest_route=\/wp\/v2\/posts\/13078\/revisions"}],"predecessor-version":[{"id":13080,"href":"https:\/\/www.egemtv.com\/index.php?rest_route=\/wp\/v2\/posts\/13078\/revisions\/13080"}],"wp:featuredmedia":[{"embeddable":true,"href":"https:\/\/www.egemtv.com\/index.php?rest_route=\/wp\/v2\/media\/13079"}],"wp:attachment":[{"href":"https:\/\/www.egemtv.com\/index.php?rest_route=%2Fwp%2Fv2%2Fmedia&parent=13078"}],"wp:term":[{"taxonomy":"category","embeddable":true,"href":"https:\/\/www.egemtv.com\/index.php?rest_route=%2Fwp%2Fv2%2Fcategories&post=13078"},{"taxonomy":"post_tag","embeddable":true,"href":"https:\/\/www.egemtv.com\/index.php?rest_route=%2Fwp%2Fv2%2Ftags&post=13078"}],"curies":[{"name":"wp","href":"https:\/\/api.w.org\/{rel}","templated":true}]}}