{"id":13075,"date":"2025-01-28T12:43:19","date_gmt":"2025-01-28T09:43:19","guid":{"rendered":"https:\/\/www.egemtv.com\/?p=13075"},"modified":"2025-01-28T12:43:20","modified_gmt":"2025-01-28T09:43:20","slug":"saylak-gorevi-baydara-devretti","status":"publish","type":"post","link":"https:\/\/www.egemtv.com\/?p=13075","title":{"rendered":"Saylak g\u00f6revi Baydar\u2019a devretti"},"content":{"rendered":"<p>Mu\u011fla Tar\u0131m ve Orman M\u00fcd\u00fcrl\u00fc\u011f\u00fc\u2019nde 5 y\u0131l \u0130l M\u00fcd\u00fcrl\u00fc\u011f\u00fc g\u00f6revini y\u00fcr\u00fcten Bar\u0131\u015f Saylak, g\u00f6revini yeni \u0130l M\u00fcd\u00fcr\u00fc Seyfettin Baydar\u2019a devretti.<br \/>\n<br \/>2019 y\u0131l\u0131nda Mu\u011fla Tar\u0131m ve Orman \u0130l M\u00fcd\u00fcr\u00fc olarak atanan Veteriner Hekim Bar\u0131\u015f Saylak, 31 Mart yerel se\u00e7imleri \u00f6ncesi aday aday\u0131 olmak i\u00e7in g\u00f6revinden istifa etmi\u015fti. 31 Mart mahalli idareler se\u00e7imlerinde aday g\u00f6sterilmeyen Saylak, se\u00e7imler bitmeden tekrar g\u00f6revine d\u00f6nm\u00fc\u015ft\u00fc.<br \/>\n<br \/>Bar\u0131\u015f Saylak ge\u00e7en hafta i\u00e7inde g\u00f6rev s\u00fcresinin dolmas\u0131 nedeniyle tekrar g\u00f6rev verilmemi\u015f ve ger\u00e7ekle\u015ftirdi\u011fi bas\u0131n bulu\u015fmas\u0131nda kimseye k\u0131rg\u0131n olmad\u0131\u011f\u0131n\u0131 belirtmi\u015fti. G\u00f6rev s\u00fcresi dolan Bar\u0131\u015f Saylak g\u00f6revini bug\u00fcn Mu\u011fla\u2019n\u0131n yeni Tar\u0131m ve Orman \u0130l M\u00fcd\u00fcr\u00fc Seyfettin Baydar\u2019a devretti.<br \/><\/p>\n","protected":false},"excerpt":{"rendered":"<p>Mu\u011fla Tar\u0131m ve Orman M\u00fcd\u00fcrl\u00fc\u011f\u00fc\u2019nde 5 y\u0131l \u0130l M\u00fcd\u00fcrl\u00fc\u011f\u00fc g\u00f6revini y\u00fcr\u00fcten Bar\u0131\u015f Saylak, g\u00f6revini yeni \u0130l M\u00fcd\u00fcr\u00fc Seyfettin Baydar\u2019a devretti. 2019 y\u0131l\u0131nda Mu\u011fla Tar\u0131m ve Orman \u0130l M\u00fcd\u00fcr\u00fc olarak atanan Veteriner Hekim Bar\u0131\u015f Saylak, 31 Mart yerel se\u00e7imleri \u00f6ncesi aday aday\u0131 olmak i\u00e7in g\u00f6revinden istifa etmi\u015fti. 31 Mart mahalli idareler se\u00e7imlerinde aday g\u00f6sterilmeyen Saylak, se\u00e7imler&#8230;<\/p>\n","protected":false},"author":1,"featured_media":13076,"comment_status":"open","ping_status":"open","sticky":false,"template":"","format":"standard","meta":{"_crdt_document":"","footnotes":""},"categories":[123],"tags":[],"class_list":["post-13075","post","type-post","status-publish","format-standard","has-post-thumbnail","hentry","category-gundem"],"_links":{"self":[{"href":"https:\/\/www.egemtv.com\/index.php?rest_route=\/wp\/v2\/posts\/13075","targetHints":{"allow":["GET"]}}],"collection":[{"href":"https:\/\/www.egemtv.com\/index.php?rest_route=\/wp\/v2\/posts"}],"about":[{"href":"https:\/\/www.egemtv.com\/index.php?rest_route=\/wp\/v2\/types\/post"}],"author":[{"embeddable":true,"href":"https:\/\/www.egemtv.com\/index.php?rest_route=\/wp\/v2\/users\/1"}],"replies":[{"embeddable":true,"href":"https:\/\/www.egemtv.com\/index.php?rest_route=%2Fwp%2Fv2%2Fcomments&post=13075"}],"version-history":[{"count":1,"href":"https:\/\/www.egemtv.com\/index.php?rest_route=\/wp\/v2\/posts\/13075\/revisions"}],"predecessor-version":[{"id":13077,"href":"https:\/\/www.egemtv.com\/index.php?rest_route=\/wp\/v2\/posts\/13075\/revisions\/13077"}],"wp:featuredmedia":[{"embeddable":true,"href":"https:\/\/www.egemtv.com\/index.php?rest_route=\/wp\/v2\/media\/13076"}],"wp:attachment":[{"href":"https:\/\/www.egemtv.com\/index.php?rest_route=%2Fwp%2Fv2%2Fmedia&parent=13075"}],"wp:term":[{"taxonomy":"category","embeddable":true,"href":"https:\/\/www.egemtv.com\/index.php?rest_route=%2Fwp%2Fv2%2Fcategories&post=13075"},{"taxonomy":"post_tag","embeddable":true,"href":"https:\/\/www.egemtv.com\/index.php?rest_route=%2Fwp%2Fv2%2Ftags&post=13075"}],"curies":[{"name":"wp","href":"https:\/\/api.w.org\/{rel}","templated":true}]}}