{"id":13072,"date":"2025-01-28T12:43:16","date_gmt":"2025-01-28T09:43:16","guid":{"rendered":"https:\/\/www.egemtv.com\/?p=13072"},"modified":"2025-01-28T12:43:18","modified_gmt":"2025-01-28T09:43:18","slug":"denizlinin-ev-sahipliginde-turk-devletleri-teskilati-yuzme-yarislari-duzenlendi","status":"publish","type":"post","link":"https:\/\/www.egemtv.com\/?p=13072","title":{"rendered":"Denizli\u2019nin ev sahipli\u011finde T\u00fcrk Devletleri Te\u015fkilat\u0131 y\u00fczme yar\u0131\u015flar\u0131 d\u00fczenlendi"},"content":{"rendered":"<p>Denizli\u2019nin ev sahipli\u011finde 25-26 Ocak 2025 tarihleri aras\u0131nda T\u00fcrk Devletleri Te\u015fkilat\u0131 Y\u00fczme yar\u0131\u015flar\u0131 d\u00fczenlendi. PA\u00dc Y\u00fczme Havuzunda yap\u0131lan yar\u0131\u015fmalara 323 sporcu kat\u0131l\u0131m sa\u011flad\u0131. Yar\u0131\u015fmalar sonunda dereceye giren sporculara \u00f6d\u00fcl takdimi yap\u0131ld\u0131.<br \/>\n<br \/>T\u00fcrk Devletleri Te\u015fkilat\u0131 \u00dcyesi \u00dclkelerin kat\u0131l\u0131mlar\u0131 ile &#8220;Herkes \u0130\u00e7in Y\u00fczme&#8221; Projesi kapsam\u0131nda d\u00fczenlenen T\u00fcrk Devletleri Te\u015fkilat\u0131 Y\u00fczme Yar\u0131\u015flar\u0131 hafta sonu Denizli\u2019de Pamukkale \u00dcniversitesi Y\u00fczme Havuzunda ger\u00e7ekle\u015fti. 10 ilden 323 sporcunun kat\u0131ld\u0131\u011f\u0131 yar\u0131\u015flar heyecanl\u0131 anlara sahne oldu. 10 ayr\u0131 kategoride yap\u0131lan yar\u0131\u015flar Cumartesi g\u00fcn\u00fc sabah saatlerinde start ald\u0131. Her ya\u015ftan kat\u0131l\u0131m\u0131n oldu\u011fu yar\u0131\u015flarda sporcular 30 dakika boyunca kula\u00e7 att\u0131. Yar\u0131\u015flarda en iyi dereceyi yapan sporcular d\u00fczenlenen \u00f6d\u00fcl t\u00f6reninde \u00f6d\u00fcllerini Gen\u00e7lik ve Spor \u0130l M\u00fcd\u00fcr\u00fc \u00d6mer \u0130lman\u2019dan ald\u0131.<br \/>\n<br \/>Yar\u0131\u015flarda dereceye giren sporcular 22-23 \u015eubat tarihlerinde Konya\u2019da yap\u0131lacak T\u00fcrkiye Finallerine kat\u0131lma hakk\u0131 kazand\u0131. Finallerde de ba\u015far\u0131l\u0131 olan sporcular T\u00fcrk Devletleri Te\u015fkilat\u0131 \u00dcyesi \u00fclkelerin ba\u015far\u0131l\u0131 sporcular\u0131yla birlikte Azerbaycan\u2019da yap\u0131lacak uluslararas\u0131 finallerde bulu\u015facak.<br \/>\n<br \/>\u00dcst \u00fcste ikinci defa T\u00fcrk Devletleri Te\u015fkilat\u0131 Y\u00fczme Grup Yar\u0131\u015fmalar\u0131na Denizli olarak ev sahipli\u011fi yapmaktan mutluluk duyduklar\u0131n\u0131 ifade eden Gen\u00e7lik Spor \u0130l M\u00fcd\u00fcr\u00fc \u00d6mer \u0130lman, sporun birle\u015ftirici g\u00fcc\u00fcyle T\u00fcrk Devletleri aras\u0131nda birlik, beraberlik ve dayan\u0131\u015fmay\u0131 geli\u015ftirmenin ama\u00e7land\u0131\u011f\u0131n\u0131 belirtti. Bu t\u00fcr organizasyonlar\u0131n, gen\u00e7lerimizin yeteneklerini sergileyebilece\u011fi \u00f6nemli f\u0131rsatlar sundu\u011funu belirten \u0130lman, yar\u0131\u015flar\u0131n yap\u0131lmas\u0131nda eme\u011fi ge\u00e7en herkese te\u015fekk\u00fcr etti.<br \/><\/p>\n","protected":false},"excerpt":{"rendered":"<p>Denizli\u2019nin ev sahipli\u011finde 25-26 Ocak 2025 tarihleri aras\u0131nda T\u00fcrk Devletleri Te\u015fkilat\u0131 Y\u00fczme yar\u0131\u015flar\u0131 d\u00fczenlendi. PA\u00dc Y\u00fczme Havuzunda yap\u0131lan yar\u0131\u015fmalara 323 sporcu kat\u0131l\u0131m sa\u011flad\u0131. Yar\u0131\u015fmalar sonunda dereceye giren sporculara \u00f6d\u00fcl takdimi yap\u0131ld\u0131. T\u00fcrk Devletleri Te\u015fkilat\u0131 \u00dcyesi \u00dclkelerin kat\u0131l\u0131mlar\u0131 ile &#8220;Herkes \u0130\u00e7in Y\u00fczme&#8221; Projesi kapsam\u0131nda d\u00fczenlenen T\u00fcrk Devletleri Te\u015fkilat\u0131 Y\u00fczme Yar\u0131\u015flar\u0131 hafta sonu Denizli\u2019de Pamukkale \u00dcniversitesi Y\u00fczme&#8230;<\/p>\n","protected":false},"author":1,"featured_media":13073,"comment_status":"open","ping_status":"open","sticky":false,"template":"","format":"standard","meta":{"_crdt_document":"","footnotes":""},"categories":[4],"tags":[],"class_list":["post-13072","post","type-post","status-publish","format-standard","has-post-thumbnail","hentry","category-spor"],"_links":{"self":[{"href":"https:\/\/www.egemtv.com\/index.php?rest_route=\/wp\/v2\/posts\/13072","targetHints":{"allow":["GET"]}}],"collection":[{"href":"https:\/\/www.egemtv.com\/index.php?rest_route=\/wp\/v2\/posts"}],"about":[{"href":"https:\/\/www.egemtv.com\/index.php?rest_route=\/wp\/v2\/types\/post"}],"author":[{"embeddable":true,"href":"https:\/\/www.egemtv.com\/index.php?rest_route=\/wp\/v2\/users\/1"}],"replies":[{"embeddable":true,"href":"https:\/\/www.egemtv.com\/index.php?rest_route=%2Fwp%2Fv2%2Fcomments&post=13072"}],"version-history":[{"count":1,"href":"https:\/\/www.egemtv.com\/index.php?rest_route=\/wp\/v2\/posts\/13072\/revisions"}],"predecessor-version":[{"id":13074,"href":"https:\/\/www.egemtv.com\/index.php?rest_route=\/wp\/v2\/posts\/13072\/revisions\/13074"}],"wp:featuredmedia":[{"embeddable":true,"href":"https:\/\/www.egemtv.com\/index.php?rest_route=\/wp\/v2\/media\/13073"}],"wp:attachment":[{"href":"https:\/\/www.egemtv.com\/index.php?rest_route=%2Fwp%2Fv2%2Fmedia&parent=13072"}],"wp:term":[{"taxonomy":"category","embeddable":true,"href":"https:\/\/www.egemtv.com\/index.php?rest_route=%2Fwp%2Fv2%2Fcategories&post=13072"},{"taxonomy":"post_tag","embeddable":true,"href":"https:\/\/www.egemtv.com\/index.php?rest_route=%2Fwp%2Fv2%2Ftags&post=13072"}],"curies":[{"name":"wp","href":"https:\/\/api.w.org\/{rel}","templated":true}]}}