{"id":13069,"date":"2025-01-28T12:41:19","date_gmt":"2025-01-28T09:41:19","guid":{"rendered":"https:\/\/www.egemtv.com\/?p=13069"},"modified":"2025-01-28T12:41:21","modified_gmt":"2025-01-28T09:41:21","slug":"afyonkarahisar-4-gundur-sisli-havayla-mucadele-ediyor","status":"publish","type":"post","link":"https:\/\/www.egemtv.com\/?p=13069","title":{"rendered":"Afyonkarahisar 4 g\u00fcnd\u00fcr sisli havayla m\u00fccadele ediyor"},"content":{"rendered":"<p>Afyonkarahisar\u2019da sisli hava hayat\u0131 olumsuz etkilerken, g\u00f6r\u00fc\u015f mesafesinin yer yer 20 metreye kadar d\u00fc\u015ft\u00fc\u011f\u00fc karayollar\u0131nda \u00f6zellikle s\u00fcr\u00fcc\u00fcler trafikte ilerlemekte g\u00fc\u00e7l\u00fck \u00e7ekti.<br \/>\n<br \/>Kentte k\u0131\u015f mevsiminin getirdi\u011fi olumsuzlukla devam ediyor. So\u011fuk havalar ile m\u00fccadele eden vatanda\u015flar ayn\u0131 zamanda son 4 g\u00fcnden bu yana da sisli havayla ba\u015fa \u00e7\u0131kmaya \u00e7al\u0131\u015f\u0131yor. Kentte son 3 g\u00fcnd\u00fcr sisli havan\u0131n etkisinde kal\u0131rken, g\u00fcn i\u00e7erisinde sadece birka\u00e7 saat g\u00fcne\u015f y\u00fcz\u00fcn\u00fc g\u00f6steriyor. Sisli hava trafik \u00f6zellikle s\u00fcr\u00fcc\u00fclerin zor anlar ya\u015famas\u0131na neden olurken, sis nedeniyle karayollar\u0131n\u0131n baz\u0131 b\u00f6lgelerinde g\u00f6r\u00fc\u015f mesafesinin yer yer metreye kadar d\u00fc\u015ft\u00fc\u011f\u00fc g\u00f6zlendi.<br \/>\n<br \/>\u00d6te yandan, kazalar\u0131n \u00f6n\u00fcne ge\u00e7ilmesi noktas\u0131nda polis ve jandarma ekipleri bir \u00e7ok b\u00f6lgede yo\u011fun g\u00fcvenlik \u00f6nlemi al\u0131rken, \u00f6zellikle trafik ak\u0131\u015f\u0131n\u0131n fazla oldu\u011fu b\u00f6lgelerde ekipler s\u00fcr\u00fcc\u00fcleri dikkatli olmalar\u0131 konusunda uyard\u0131.<br \/><\/p>\n","protected":false},"excerpt":{"rendered":"<p>Afyonkarahisar\u2019da sisli hava hayat\u0131 olumsuz etkilerken, g\u00f6r\u00fc\u015f mesafesinin yer yer 20 metreye kadar d\u00fc\u015ft\u00fc\u011f\u00fc karayollar\u0131nda \u00f6zellikle s\u00fcr\u00fcc\u00fcler trafikte ilerlemekte g\u00fc\u00e7l\u00fck \u00e7ekti. Kentte k\u0131\u015f mevsiminin getirdi\u011fi olumsuzlukla devam ediyor. So\u011fuk havalar ile m\u00fccadele eden vatanda\u015flar ayn\u0131 zamanda son 4 g\u00fcnden bu yana da sisli havayla ba\u015fa \u00e7\u0131kmaya \u00e7al\u0131\u015f\u0131yor. Kentte son 3 g\u00fcnd\u00fcr sisli havan\u0131n etkisinde kal\u0131rken,&#8230;<\/p>\n","protected":false},"author":1,"featured_media":13070,"comment_status":"open","ping_status":"open","sticky":false,"template":"","format":"standard","meta":{"_crdt_document":"","footnotes":""},"categories":[5],"tags":[],"class_list":["post-13069","post","type-post","status-publish","format-standard","has-post-thumbnail","hentry","category-asayis"],"_links":{"self":[{"href":"https:\/\/www.egemtv.com\/index.php?rest_route=\/wp\/v2\/posts\/13069","targetHints":{"allow":["GET"]}}],"collection":[{"href":"https:\/\/www.egemtv.com\/index.php?rest_route=\/wp\/v2\/posts"}],"about":[{"href":"https:\/\/www.egemtv.com\/index.php?rest_route=\/wp\/v2\/types\/post"}],"author":[{"embeddable":true,"href":"https:\/\/www.egemtv.com\/index.php?rest_route=\/wp\/v2\/users\/1"}],"replies":[{"embeddable":true,"href":"https:\/\/www.egemtv.com\/index.php?rest_route=%2Fwp%2Fv2%2Fcomments&post=13069"}],"version-history":[{"count":1,"href":"https:\/\/www.egemtv.com\/index.php?rest_route=\/wp\/v2\/posts\/13069\/revisions"}],"predecessor-version":[{"id":13071,"href":"https:\/\/www.egemtv.com\/index.php?rest_route=\/wp\/v2\/posts\/13069\/revisions\/13071"}],"wp:featuredmedia":[{"embeddable":true,"href":"https:\/\/www.egemtv.com\/index.php?rest_route=\/wp\/v2\/media\/13070"}],"wp:attachment":[{"href":"https:\/\/www.egemtv.com\/index.php?rest_route=%2Fwp%2Fv2%2Fmedia&parent=13069"}],"wp:term":[{"taxonomy":"category","embeddable":true,"href":"https:\/\/www.egemtv.com\/index.php?rest_route=%2Fwp%2Fv2%2Fcategories&post=13069"},{"taxonomy":"post_tag","embeddable":true,"href":"https:\/\/www.egemtv.com\/index.php?rest_route=%2Fwp%2Fv2%2Ftags&post=13069"}],"curies":[{"name":"wp","href":"https:\/\/api.w.org\/{rel}","templated":true}]}}