{"id":13063,"date":"2025-01-28T12:22:13","date_gmt":"2025-01-28T09:22:13","guid":{"rendered":"https:\/\/www.egemtv.com\/?p=13063"},"modified":"2025-01-28T12:22:15","modified_gmt":"2025-01-28T09:22:15","slug":"tavsanli-orman-isletme-mudurlugunde-veda-gecesi-duzenlendi","status":"publish","type":"post","link":"https:\/\/www.egemtv.com\/?p=13063","title":{"rendered":"Tav\u015fanl\u0131 Orman \u0130\u015fletme M\u00fcd\u00fcrl\u00fc\u011f\u00fc\u2019nde veda gecesi d\u00fczenlendi"},"content":{"rendered":"<p>K\u00fctahya\u2019n\u0131n Tav\u015fanl\u0131 Orman \u0130\u015fletme M\u00fcd\u00fcrl\u00fc\u011f\u00fc\u2019nde uzun y\u0131llar g\u00f6rev yapan ve emekliye ayr\u0131lan personeller ile tayini \u00e7\u0131kan \u00e7al\u0131\u015fanlar i\u00e7in veda gecesi d\u00fczenlendi.<br \/>\n<br \/>Tav\u015fanl\u0131 Levent D\u00fc\u011f\u00fcn Salonu\u2019nda ger\u00e7ekle\u015ftirilen etkinli\u011fe, sendika temsilcileri ve i\u015fletme personeli kat\u0131ld\u0131. T\u00f6rende, kurumlar\u0131na uzun y\u0131llar emek vermi\u015f olan T\u00fcrker Ceylan, Ahmet Ali K\u0131sa, Hasan \u015eahin, Zeki Kahraman, Hasan Alag\u00f6z, Ali Mert, Ahmet Kaptan, Hasan H\u00fcseyin Ko\u00e7, H\u00fcseyin Peksak, Sabri Bayram, Hasan Ya\u015far, Metin Y\u0131lmaz ve Mustafa Semiz\u2019e te\u015fekk\u00fcr edilerek, emeklilik hayatlar\u0131nda sa\u011fl\u0131k ve mutluluk dilekleri iletildi. Ayr\u0131ca, tayin olan H\u00fcseyin Ya\u015far ve Tuncay Karaca\u2019ya yeni g\u00f6revlerinde ba\u015far\u0131lar dilendi.<br \/><\/p>\n","protected":false},"excerpt":{"rendered":"<p>K\u00fctahya\u2019n\u0131n Tav\u015fanl\u0131 Orman \u0130\u015fletme M\u00fcd\u00fcrl\u00fc\u011f\u00fc\u2019nde uzun y\u0131llar g\u00f6rev yapan ve emekliye ayr\u0131lan personeller ile tayini \u00e7\u0131kan \u00e7al\u0131\u015fanlar i\u00e7in veda gecesi d\u00fczenlendi. Tav\u015fanl\u0131 Levent D\u00fc\u011f\u00fcn Salonu\u2019nda ger\u00e7ekle\u015ftirilen etkinli\u011fe, sendika temsilcileri ve i\u015fletme personeli kat\u0131ld\u0131. T\u00f6rende, kurumlar\u0131na uzun y\u0131llar emek vermi\u015f olan T\u00fcrker Ceylan, Ahmet Ali K\u0131sa, Hasan \u015eahin, Zeki Kahraman, Hasan Alag\u00f6z, Ali Mert, Ahmet Kaptan,&#8230;<\/p>\n","protected":false},"author":1,"featured_media":13064,"comment_status":"open","ping_status":"open","sticky":false,"template":"","format":"standard","meta":{"_crdt_document":"","footnotes":""},"categories":[123],"tags":[],"class_list":["post-13063","post","type-post","status-publish","format-standard","has-post-thumbnail","hentry","category-gundem"],"_links":{"self":[{"href":"https:\/\/www.egemtv.com\/index.php?rest_route=\/wp\/v2\/posts\/13063","targetHints":{"allow":["GET"]}}],"collection":[{"href":"https:\/\/www.egemtv.com\/index.php?rest_route=\/wp\/v2\/posts"}],"about":[{"href":"https:\/\/www.egemtv.com\/index.php?rest_route=\/wp\/v2\/types\/post"}],"author":[{"embeddable":true,"href":"https:\/\/www.egemtv.com\/index.php?rest_route=\/wp\/v2\/users\/1"}],"replies":[{"embeddable":true,"href":"https:\/\/www.egemtv.com\/index.php?rest_route=%2Fwp%2Fv2%2Fcomments&post=13063"}],"version-history":[{"count":1,"href":"https:\/\/www.egemtv.com\/index.php?rest_route=\/wp\/v2\/posts\/13063\/revisions"}],"predecessor-version":[{"id":13065,"href":"https:\/\/www.egemtv.com\/index.php?rest_route=\/wp\/v2\/posts\/13063\/revisions\/13065"}],"wp:featuredmedia":[{"embeddable":true,"href":"https:\/\/www.egemtv.com\/index.php?rest_route=\/wp\/v2\/media\/13064"}],"wp:attachment":[{"href":"https:\/\/www.egemtv.com\/index.php?rest_route=%2Fwp%2Fv2%2Fmedia&parent=13063"}],"wp:term":[{"taxonomy":"category","embeddable":true,"href":"https:\/\/www.egemtv.com\/index.php?rest_route=%2Fwp%2Fv2%2Fcategories&post=13063"},{"taxonomy":"post_tag","embeddable":true,"href":"https:\/\/www.egemtv.com\/index.php?rest_route=%2Fwp%2Fv2%2Ftags&post=13063"}],"curies":[{"name":"wp","href":"https:\/\/api.w.org\/{rel}","templated":true}]}}