{"id":13057,"date":"2025-01-28T12:11:14","date_gmt":"2025-01-28T09:11:14","guid":{"rendered":"https:\/\/www.egemtv.com\/?p=13057"},"modified":"2025-01-28T12:11:16","modified_gmt":"2025-01-28T09:11:16","slug":"esinin-darbettigi-kadin-hayatini-kaybetti","status":"publish","type":"post","link":"https:\/\/www.egemtv.com\/?p=13057","title":{"rendered":"E\u015finin darbetti\u011fi kad\u0131n hayat\u0131n\u0131 kaybetti"},"content":{"rendered":"<p>Mu\u011fla\u2019n\u0131n K\u00f6yce\u011fiz il\u00e7esinde, yemek yapmad\u0131\u011f\u0131 gerek\u00e7esiyle e\u015fi taraf\u0131ndan darbedilmesi sonucu yo\u011fun bak\u0131ma al\u0131nan kad\u0131n, bu sabah hayat\u0131n\u0131 kaybetti.<br \/>\n<br \/>Mu\u011fla\u2019n\u0131n K\u00f6yce\u011fiz il\u00e7esi Beyobas\u0131 Mahallesi\u2019nde, e\u015fi Yunus Korkut taraf\u0131ndan yemek yapmad\u0131\u011f\u0131 iddias\u0131 ile darbedilen 25 ya\u015f\u0131ndaki Ummuhan Korkut, ge\u00e7irdi\u011fi beyin ameliyat\u0131n\u0131n ard\u0131ndan yo\u011fun bak\u0131ma al\u0131nm\u0131\u015ft\u0131. G\u00f6zalt\u0131na al\u0131nan Yunus Korkut ise tutuklanarak cezaevine g\u00f6nderilmi\u015fti. Ummuhan Korkut\u2019un bu sabah hayat\u0131n\u0131 kaybetti\u011fi \u00f6\u011frenildi.<br \/>\n<br \/>Yunus Korkut\u2019un savc\u0131l\u0131k ifadesinde, \u201cYemek yapmama meselesi y\u00fcz\u00fcnden e\u015fim ile aram\u0131zda tart\u0131\u015fma \u00e7\u0131kt\u0131. Daha sonra koyunlara bakmak i\u00e7in evin arkas\u0131na gitti. Gecikmesi nedeniyle kontrol etmeye gitti\u011fimde a\u011fz\u0131ndan k\u00f6p\u00fckler geldi\u011fini fark ettim. 112 Acil \u00c7a\u011fr\u0131 Merkezi\u2019ni arayarak ihbarda bulundum\u201d dedi\u011fi \u00f6\u011frenildi.<br \/><\/p>\n","protected":false},"excerpt":{"rendered":"<p>Mu\u011fla\u2019n\u0131n K\u00f6yce\u011fiz il\u00e7esinde, yemek yapmad\u0131\u011f\u0131 gerek\u00e7esiyle e\u015fi taraf\u0131ndan darbedilmesi sonucu yo\u011fun bak\u0131ma al\u0131nan kad\u0131n, bu sabah hayat\u0131n\u0131 kaybetti. Mu\u011fla\u2019n\u0131n K\u00f6yce\u011fiz il\u00e7esi Beyobas\u0131 Mahallesi\u2019nde, e\u015fi Yunus Korkut taraf\u0131ndan yemek yapmad\u0131\u011f\u0131 iddias\u0131 ile darbedilen 25 ya\u015f\u0131ndaki Ummuhan Korkut, ge\u00e7irdi\u011fi beyin ameliyat\u0131n\u0131n ard\u0131ndan yo\u011fun bak\u0131ma al\u0131nm\u0131\u015ft\u0131. G\u00f6zalt\u0131na al\u0131nan Yunus Korkut ise tutuklanarak cezaevine g\u00f6nderilmi\u015fti. Ummuhan Korkut\u2019un bu sabah&#8230;<\/p>\n","protected":false},"author":1,"featured_media":13058,"comment_status":"open","ping_status":"open","sticky":false,"template":"","format":"standard","meta":{"_crdt_document":"","footnotes":""},"categories":[5],"tags":[],"class_list":["post-13057","post","type-post","status-publish","format-standard","has-post-thumbnail","hentry","category-asayis"],"_links":{"self":[{"href":"https:\/\/www.egemtv.com\/index.php?rest_route=\/wp\/v2\/posts\/13057","targetHints":{"allow":["GET"]}}],"collection":[{"href":"https:\/\/www.egemtv.com\/index.php?rest_route=\/wp\/v2\/posts"}],"about":[{"href":"https:\/\/www.egemtv.com\/index.php?rest_route=\/wp\/v2\/types\/post"}],"author":[{"embeddable":true,"href":"https:\/\/www.egemtv.com\/index.php?rest_route=\/wp\/v2\/users\/1"}],"replies":[{"embeddable":true,"href":"https:\/\/www.egemtv.com\/index.php?rest_route=%2Fwp%2Fv2%2Fcomments&post=13057"}],"version-history":[{"count":1,"href":"https:\/\/www.egemtv.com\/index.php?rest_route=\/wp\/v2\/posts\/13057\/revisions"}],"predecessor-version":[{"id":13059,"href":"https:\/\/www.egemtv.com\/index.php?rest_route=\/wp\/v2\/posts\/13057\/revisions\/13059"}],"wp:featuredmedia":[{"embeddable":true,"href":"https:\/\/www.egemtv.com\/index.php?rest_route=\/wp\/v2\/media\/13058"}],"wp:attachment":[{"href":"https:\/\/www.egemtv.com\/index.php?rest_route=%2Fwp%2Fv2%2Fmedia&parent=13057"}],"wp:term":[{"taxonomy":"category","embeddable":true,"href":"https:\/\/www.egemtv.com\/index.php?rest_route=%2Fwp%2Fv2%2Fcategories&post=13057"},{"taxonomy":"post_tag","embeddable":true,"href":"https:\/\/www.egemtv.com\/index.php?rest_route=%2Fwp%2Fv2%2Ftags&post=13057"}],"curies":[{"name":"wp","href":"https:\/\/api.w.org\/{rel}","templated":true}]}}