{"id":13054,"date":"2025-01-28T12:07:35","date_gmt":"2025-01-28T09:07:35","guid":{"rendered":"https:\/\/www.egemtv.com\/?p=13054"},"modified":"2025-01-28T12:07:37","modified_gmt":"2025-01-28T09:07:37","slug":"mudur-yilmaz-egitimcilerimizle-omuz-omuza-vererek-gelecege-daha-guclu-adim-atacagiz","status":"publish","type":"post","link":"https:\/\/www.egemtv.com\/?p=13054","title":{"rendered":"M\u00fcd\u00fcr Y\u0131lmaz: &#8220;E\u011fitimcilerimizle omuz omuza vererek, gelece\u011fe daha g\u00fc\u00e7l\u00fc ad\u0131m ataca\u011f\u0131z&#8221;"},"content":{"rendered":"<p>K\u00fctahya \u0130l Mill\u00ee E\u011fitim M\u00fcd\u00fcr\u00fc olarak g\u00f6reve ba\u015flayan Mustafa Y\u0131lmaz, yapt\u0131\u011f\u0131 a\u00e7\u0131klamada K\u00fctahya\u2019n\u0131n k\u00f6kl\u00fc e\u011fitim ge\u00e7mi\u015fine vurgu yaparak, \u015fehrin e\u011fitim alan\u0131ndaki geli\u015fimi i\u00e7in kararl\u0131l\u0131kla \u00e7al\u0131\u015faca\u011f\u0131n\u0131 belirtti.<br \/>\n<br \/>Y\u0131lmaz, &#8220;Nice b\u00fcy\u00fck medeniyete ev sahipli\u011fi yapm\u0131\u015f, Mill\u00ee M\u00fccadele\u2019nin kalbi olan kadim \u015fehir K\u00fctahya\u2019da \u0130l Mill\u00ee E\u011fitim M\u00fcd\u00fcr\u00fc olarak hizmet edecek olman\u0131n gururunu ya\u015f\u0131yorum. Bu aziz \u015fehirde bize y\u00fcklenen sorumlulu\u011fun bilincinde olarak, e\u011fitim i\u00e7in zaman ve mek\u00e2n s\u0131n\u0131r\u0131 g\u00f6zetmeksizin hizmet \u00fcretece\u011fiz&#8221; dedi.<br \/>\n<br \/>Konya\u2019da edindi\u011fi bilgi ve tecr\u00fcbeleri K\u00fctahya\u2019n\u0131n e\u011fitimine katk\u0131 sa\u011flamak i\u00e7in kullanaca\u011f\u0131n\u0131 ifade eden Y\u0131lmaz, &#8220;E\u011fitime g\u00f6n\u00fcl veren t\u00fcm y\u00f6neticilerimiz ve e\u011fitimcilerimizle omuz omuza \u00e7al\u0131\u015farak, gelece\u011fe g\u00fc\u00e7l\u00fc bir ad\u0131m ataca\u011f\u0131z&#8221; diye konu\u015ftu.<br \/>\n<br \/>Kendisini bu g\u00f6reve lay\u0131k g\u00f6ren Mill\u00ee E\u011fitim Bakan\u0131 Yusuf Tekin\u2019e te\u015fekk\u00fcr eden Y\u0131lmaz, \u00f6nceki \u0130l Mill\u00ee E\u011fitim M\u00fcd\u00fcr\u00fc Hasan Ba\u015fyi\u011fit\u2019e de hizmetlerinden dolay\u0131 minnettarl\u0131\u011f\u0131n\u0131 dile getirdi.<br \/>\n<br \/>Yeni g\u00f6revinin K\u00fctahya e\u011fitim camias\u0131 ad\u0131na hay\u0131rl\u0131 olmas\u0131n\u0131 dileyen Y\u0131lmaz, &#8220;T\u00fcrkiye Y\u00fczy\u0131l\u0131 hedefi do\u011frultusunda, Cumhurba\u015fkan\u0131m\u0131z Recep Tayyip Erdo\u011fan\u2019\u0131n liderli\u011finde K\u00fctahya\u2019m\u0131za ve \u00fclkemize en iyi \u015fekilde hizmet etmeyi temenni ediyorum&#8221; ifadelerini kulland\u0131.<br \/><\/p>\n","protected":false},"excerpt":{"rendered":"<p>K\u00fctahya \u0130l Mill\u00ee E\u011fitim M\u00fcd\u00fcr\u00fc olarak g\u00f6reve ba\u015flayan Mustafa Y\u0131lmaz, yapt\u0131\u011f\u0131 a\u00e7\u0131klamada K\u00fctahya\u2019n\u0131n k\u00f6kl\u00fc e\u011fitim ge\u00e7mi\u015fine vurgu yaparak, \u015fehrin e\u011fitim alan\u0131ndaki geli\u015fimi i\u00e7in kararl\u0131l\u0131kla \u00e7al\u0131\u015faca\u011f\u0131n\u0131 belirtti. Y\u0131lmaz, &#8220;Nice b\u00fcy\u00fck medeniyete ev sahipli\u011fi yapm\u0131\u015f, Mill\u00ee M\u00fccadele\u2019nin kalbi olan kadim \u015fehir K\u00fctahya\u2019da \u0130l Mill\u00ee E\u011fitim M\u00fcd\u00fcr\u00fc olarak hizmet edecek olman\u0131n gururunu ya\u015f\u0131yorum. Bu aziz \u015fehirde bize y\u00fcklenen&#8230;<\/p>\n","protected":false},"author":1,"featured_media":13055,"comment_status":"open","ping_status":"open","sticky":false,"template":"","format":"standard","meta":{"_crdt_document":"","footnotes":""},"categories":[1],"tags":[],"class_list":["post-13054","post","type-post","status-publish","format-standard","has-post-thumbnail","hentry","category-guncel"],"_links":{"self":[{"href":"https:\/\/www.egemtv.com\/index.php?rest_route=\/wp\/v2\/posts\/13054","targetHints":{"allow":["GET"]}}],"collection":[{"href":"https:\/\/www.egemtv.com\/index.php?rest_route=\/wp\/v2\/posts"}],"about":[{"href":"https:\/\/www.egemtv.com\/index.php?rest_route=\/wp\/v2\/types\/post"}],"author":[{"embeddable":true,"href":"https:\/\/www.egemtv.com\/index.php?rest_route=\/wp\/v2\/users\/1"}],"replies":[{"embeddable":true,"href":"https:\/\/www.egemtv.com\/index.php?rest_route=%2Fwp%2Fv2%2Fcomments&post=13054"}],"version-history":[{"count":1,"href":"https:\/\/www.egemtv.com\/index.php?rest_route=\/wp\/v2\/posts\/13054\/revisions"}],"predecessor-version":[{"id":13056,"href":"https:\/\/www.egemtv.com\/index.php?rest_route=\/wp\/v2\/posts\/13054\/revisions\/13056"}],"wp:featuredmedia":[{"embeddable":true,"href":"https:\/\/www.egemtv.com\/index.php?rest_route=\/wp\/v2\/media\/13055"}],"wp:attachment":[{"href":"https:\/\/www.egemtv.com\/index.php?rest_route=%2Fwp%2Fv2%2Fmedia&parent=13054"}],"wp:term":[{"taxonomy":"category","embeddable":true,"href":"https:\/\/www.egemtv.com\/index.php?rest_route=%2Fwp%2Fv2%2Fcategories&post=13054"},{"taxonomy":"post_tag","embeddable":true,"href":"https:\/\/www.egemtv.com\/index.php?rest_route=%2Fwp%2Fv2%2Ftags&post=13054"}],"curies":[{"name":"wp","href":"https:\/\/api.w.org\/{rel}","templated":true}]}}