{"id":13045,"date":"2025-01-28T11:46:32","date_gmt":"2025-01-28T08:46:32","guid":{"rendered":"https:\/\/www.egemtv.com\/?p=13045"},"modified":"2025-01-28T11:46:35","modified_gmt":"2025-01-28T08:46:35","slug":"manisa-fkda-yuzler-guluyor","status":"publish","type":"post","link":"https:\/\/www.egemtv.com\/?p=13045","title":{"rendered":"Manisa FK\u2019da y\u00fczler g\u00fcl\u00fcyor"},"content":{"rendered":"<p>Trendyol 1. Lig\u2019in 21. haftas\u0131nda deplasmanda Sakaryaspor\u2019u 2-1 yenen Manisa FK\u2019da y\u00fczler g\u00fcl\u00fcyor. Haftay\u0131 3 puanla kapatan Manisa FK, 29 puanla 15. s\u0131radaki yerini korudu.<br \/>\n<br \/>Trendyol 1. Lig\u2019in 19. ve 20. haftas\u0131nda evinde oynad\u0131\u011f\u0131 2 ma\u00e7\u0131 da kaybeden Manisa FK, 21. hafta m\u00fccadelesinde deplasmanda kar\u015f\u0131la\u015ft\u0131\u011f\u0131 Sakaryaspor\u2019u 2-1 ma\u011flup etmeyi ba\u015fard\u0131. 1. Lig\u2019de, Sakaryaspor\u2019u ilk kez deplasmanda yenmeyi ba\u015faran Manisa FK haftay\u0131 3 puanla kapat\u0131rken, d\u00fc\u015fme hatt\u0131n\u0131n hemen \u00fcst\u00fcnde rahat bir nefes ald\u0131.<br \/>\n<br \/>Manisa Futbol Kul\u00fcb\u00fc, Trendyol 1. Lig\u2019in 22. haftas\u0131nda sahas\u0131nda Fatih Karag\u00fcmr\u00fck\u2019\u00fc konuk edecek. 2 \u015eubat Pazar g\u00fcn\u00fc Manisa 19 May\u0131s Stadyumu\u2019nda oynanacak m\u00fccadele saat 16.00\u2019da ba\u015flayacak.<br \/><\/p>\n","protected":false},"excerpt":{"rendered":"<p>Trendyol 1. Lig\u2019in 21. haftas\u0131nda deplasmanda Sakaryaspor\u2019u 2-1 yenen Manisa FK\u2019da y\u00fczler g\u00fcl\u00fcyor. Haftay\u0131 3 puanla kapatan Manisa FK, 29 puanla 15. s\u0131radaki yerini korudu. Trendyol 1. Lig\u2019in 19. ve 20. haftas\u0131nda evinde oynad\u0131\u011f\u0131 2 ma\u00e7\u0131 da kaybeden Manisa FK, 21. hafta m\u00fccadelesinde deplasmanda kar\u015f\u0131la\u015ft\u0131\u011f\u0131 Sakaryaspor\u2019u 2-1 ma\u011flup etmeyi ba\u015fard\u0131. 1. Lig\u2019de, Sakaryaspor\u2019u ilk kez&#8230;<\/p>\n","protected":false},"author":1,"featured_media":13046,"comment_status":"open","ping_status":"open","sticky":false,"template":"","format":"standard","meta":{"_crdt_document":"","footnotes":""},"categories":[4],"tags":[],"class_list":["post-13045","post","type-post","status-publish","format-standard","has-post-thumbnail","hentry","category-spor"],"_links":{"self":[{"href":"https:\/\/www.egemtv.com\/index.php?rest_route=\/wp\/v2\/posts\/13045","targetHints":{"allow":["GET"]}}],"collection":[{"href":"https:\/\/www.egemtv.com\/index.php?rest_route=\/wp\/v2\/posts"}],"about":[{"href":"https:\/\/www.egemtv.com\/index.php?rest_route=\/wp\/v2\/types\/post"}],"author":[{"embeddable":true,"href":"https:\/\/www.egemtv.com\/index.php?rest_route=\/wp\/v2\/users\/1"}],"replies":[{"embeddable":true,"href":"https:\/\/www.egemtv.com\/index.php?rest_route=%2Fwp%2Fv2%2Fcomments&post=13045"}],"version-history":[{"count":1,"href":"https:\/\/www.egemtv.com\/index.php?rest_route=\/wp\/v2\/posts\/13045\/revisions"}],"predecessor-version":[{"id":13047,"href":"https:\/\/www.egemtv.com\/index.php?rest_route=\/wp\/v2\/posts\/13045\/revisions\/13047"}],"wp:featuredmedia":[{"embeddable":true,"href":"https:\/\/www.egemtv.com\/index.php?rest_route=\/wp\/v2\/media\/13046"}],"wp:attachment":[{"href":"https:\/\/www.egemtv.com\/index.php?rest_route=%2Fwp%2Fv2%2Fmedia&parent=13045"}],"wp:term":[{"taxonomy":"category","embeddable":true,"href":"https:\/\/www.egemtv.com\/index.php?rest_route=%2Fwp%2Fv2%2Fcategories&post=13045"},{"taxonomy":"post_tag","embeddable":true,"href":"https:\/\/www.egemtv.com\/index.php?rest_route=%2Fwp%2Fv2%2Ftags&post=13045"}],"curies":[{"name":"wp","href":"https:\/\/api.w.org\/{rel}","templated":true}]}}