{"id":13039,"date":"2025-01-28T11:39:25","date_gmt":"2025-01-28T08:39:25","guid":{"rendered":"https:\/\/www.egemtv.com\/?p=13039"},"modified":"2025-01-28T11:39:28","modified_gmt":"2025-01-28T08:39:28","slug":"pasli-borular-yerini-saglikli-borulara-birakti","status":"publish","type":"post","link":"https:\/\/www.egemtv.com\/?p=13039","title":{"rendered":"Pasl\u0131 borular yerini sa\u011fl\u0131kl\u0131 borulara b\u0131rakt\u0131"},"content":{"rendered":"<p>Manisa B\u00fcy\u00fck\u015fehir Belediyesi, y\u0131llard\u0131r \u00e7\u00f6z\u00fclemeyen alt yap\u0131 sorunlar\u0131na y\u00f6nelik kararl\u0131 ad\u0131mlar\u0131yla, k\u00f6ylerdeki ya\u015fam kalitesini art\u0131rmaya devam ediyor. Saruhanl\u0131\u2019n\u0131n G\u00f6k\u00e7ek\u00f6y Mahallesindeki paslanm\u0131\u015f 47 y\u0131ll\u0131k i\u00e7me suyu borular\u0131 yenileriyle de\u011fi\u015ftirilerek mahallenin daha sa\u011fl\u0131kl\u0131 suya kavu\u015fmas\u0131 sa\u011fland\u0131.<br \/>\n<br \/>MASK\u0130 Genel M\u00fcd\u00fcrl\u00fc\u011f\u00fc, Saruhanl\u0131 il\u00e7esine ba\u011fl\u0131 G\u00f6k\u00e7ek\u00f6y Mahallesi\u2019nde bin 400 metre i\u00e7me suyu \u015febeke hatt\u0131n\u0131 ve abone ba\u011flant\u0131lar\u0131n\u0131 yeniledi. 47 y\u0131l \u00f6nce K\u00f6y Hizmetleri taraf\u0131ndan verilen borular\u0131n mahalle sakinleri taraf\u0131ndan d\u00f6\u015fenmesinin ard\u0131ndan G\u00f6k\u00e7ek\u00f6y\u2019de ilk defa alt yap\u0131 \u00e7al\u0131\u015fmas\u0131 ger\u00e7ekle\u015ftirilmi\u015f oldu.<br \/>\n<br \/>Manisa Su ve Kanalizasyon \u0130daresi (MASK\u0130) Genel M\u00fcd\u00fcrl\u00fc\u011f\u00fc, yapt\u0131\u011f\u0131 \u00e7al\u0131\u015fma ile 47 y\u0131ll\u0131k alt yap\u0131 sorununu tarihe g\u00f6merek b\u00f6lge halk\u0131na y\u0131llard\u0131r beklenen modern ve sa\u011fl\u0131kl\u0131 ya\u015fam \u015fartlar\u0131n\u0131 sundu. Saruhanl\u0131\u2019n\u0131n G\u00f6k\u00e7ek\u00f6y Mahallesi\u2019nde, 47 y\u0131l \u00f6nce K\u00f6y Hizmetleri taraf\u0131ndan verilen borular\u0131n mahalle sakinleri taraf\u0131ndan d\u00f6\u015fenmesinin ard\u0131ndan \u0130\u00e7me Suyu Dairesi Ba\u015fkanl\u0131\u011f\u0131 ekipleri taraf\u0131ndan ilk defa alt yap\u0131 \u00e7al\u0131\u015fmas\u0131 yap\u0131ld\u0131. Kanalizasyon hatt\u0131 ile altl\u0131, \u00fcstl\u00fc d\u00f6\u015feli olan eski i\u00e7me suyu hatt\u0131n\u0131n yerine bin 400 metre ayr\u0131 g\u00fczergahta yeni bir hat d\u00f6\u015fendi. Daha sa\u011fl\u0131kl\u0131 bir yap\u0131 i\u00e7in abone ba\u011flant\u0131lar\u0131 da yenilendi. \u00c7\u0131kan pasl\u0131 borular ise vatanda\u015flar\u0131n ne kadar sa\u011fl\u0131ks\u0131z bir \u015fekilde i\u00e7me suyu ald\u0131\u011f\u0131n\u0131 ortaya koydu.<\/p>\n<p>Mahalle muhtar\u0131ndan Ba\u015fkan Zeyrek\u2019e te\u015fekk\u00fcr<br \/>\n<br \/>Mahalle Muhtar\u0131 Ramazan \u00d6zkan, \u201cBa\u015fta Ferdi Ba\u015fkan\u0131m\u0131z olmak \u00fczere sebep olanlardan, eme\u011fi ge\u00e7enlerden Allah raz\u0131 olsun. K\u00f6y\u00fcm\u00fcz\u00fcn 47 y\u0131ll\u0131k \u00f6zlemiydi. Olmas\u0131 gereken buydu. Ferdi Ba\u015fkan sayesinde oldu. Bizim eskiden kanalizasyon ve i\u00e7me suyu hatt\u0131m\u0131z ayn\u0131 yerdeydi. Altta i\u00e7me suyu, \u00fcst\u00fcnden kanalizasyon hatt\u0131 ge\u00e7iyordu. En ufak bir patlakta iki su birbirine kar\u0131\u015f\u0131yordu. K\u00f6y\u00fcm\u00fczde sar\u0131l\u0131k hastal\u0131\u011f\u0131, ba\u011f\u0131rsak kanseri gibi \u015fikayetler \u00e7oktu. \u0130n\u015fallah bundan sonra halk\u0131m\u0131z daha sa\u011fl\u0131kl\u0131 olacak\u201d ifadelerini kulland\u0131.<\/p>\n<p>\u201cEn b\u00fcy\u00fck s\u0131k\u0131nt\u0131m\u0131z, la\u011f\u0131m suyunun i\u00e7me suyuna kar\u0131\u015fmas\u0131yd\u0131\u201d<br \/>\n<br \/>Mahalle sakinlerinden Hamza \u00d6z\u00e7elik, yeni hattan mahalle sakinlerinin tamam\u0131n\u0131n memnun oldu\u011fu ifade ederek, \u201cEn b\u00fcy\u00fck s\u0131k\u0131nt\u0131m\u0131z la\u011f\u0131m suyunun i\u00e7me suyuna kar\u0131\u015fmas\u0131yd\u0131. Vatanda\u015f pis su i\u00e7iyordu. Ferdi Ba\u015fkan\u0131m\u0131za te\u015fekk\u00fcr ederiz. 47-48 y\u0131ldan beri yap\u0131lmayan \u00e7al\u0131\u015fmay\u0131 yap\u0131yor. Alt yap\u0131y\u0131 yeniliyor. Ba\u015fkan\u0131m\u0131za \u00e7ok te\u015fekk\u00fcr ederiz. K\u00f6y halk\u0131 ger\u00e7ekten memnun\u201d dedi.<br \/>\n<br \/>Mahalle sakinlerinden Ramazan \u015eener de \u201cEskiden hi\u00e7 alt yap\u0131 yoktu. 1971\u2019de burada 300 metre alt yap\u0131 vard\u0131. Ondan sonra mevcut alt yap\u0131 peyderpey yap\u0131lm\u0131\u015ft\u0131. Hangi partiden olursa olsun, \u00e7al\u0131\u015fan\u0131 severim\u201d diye konu\u015ftu.<br \/><\/p>\n","protected":false},"excerpt":{"rendered":"<p>Manisa B\u00fcy\u00fck\u015fehir Belediyesi, y\u0131llard\u0131r \u00e7\u00f6z\u00fclemeyen alt yap\u0131 sorunlar\u0131na y\u00f6nelik kararl\u0131 ad\u0131mlar\u0131yla, k\u00f6ylerdeki ya\u015fam kalitesini art\u0131rmaya devam ediyor. Saruhanl\u0131\u2019n\u0131n G\u00f6k\u00e7ek\u00f6y Mahallesindeki paslanm\u0131\u015f 47 y\u0131ll\u0131k i\u00e7me suyu borular\u0131 yenileriyle de\u011fi\u015ftirilerek mahallenin daha sa\u011fl\u0131kl\u0131 suya kavu\u015fmas\u0131 sa\u011fland\u0131. MASK\u0130 Genel M\u00fcd\u00fcrl\u00fc\u011f\u00fc, Saruhanl\u0131 il\u00e7esine ba\u011fl\u0131 G\u00f6k\u00e7ek\u00f6y Mahallesi\u2019nde bin 400 metre i\u00e7me suyu \u015febeke hatt\u0131n\u0131 ve abone ba\u011flant\u0131lar\u0131n\u0131 yeniledi. 47 y\u0131l&#8230;<\/p>\n","protected":false},"author":1,"featured_media":13040,"comment_status":"open","ping_status":"open","sticky":false,"template":"","format":"standard","meta":{"_crdt_document":"","footnotes":""},"categories":[2],"tags":[],"class_list":["post-13039","post","type-post","status-publish","format-standard","has-post-thumbnail","hentry","category-saglik"],"_links":{"self":[{"href":"https:\/\/www.egemtv.com\/index.php?rest_route=\/wp\/v2\/posts\/13039","targetHints":{"allow":["GET"]}}],"collection":[{"href":"https:\/\/www.egemtv.com\/index.php?rest_route=\/wp\/v2\/posts"}],"about":[{"href":"https:\/\/www.egemtv.com\/index.php?rest_route=\/wp\/v2\/types\/post"}],"author":[{"embeddable":true,"href":"https:\/\/www.egemtv.com\/index.php?rest_route=\/wp\/v2\/users\/1"}],"replies":[{"embeddable":true,"href":"https:\/\/www.egemtv.com\/index.php?rest_route=%2Fwp%2Fv2%2Fcomments&post=13039"}],"version-history":[{"count":1,"href":"https:\/\/www.egemtv.com\/index.php?rest_route=\/wp\/v2\/posts\/13039\/revisions"}],"predecessor-version":[{"id":13041,"href":"https:\/\/www.egemtv.com\/index.php?rest_route=\/wp\/v2\/posts\/13039\/revisions\/13041"}],"wp:featuredmedia":[{"embeddable":true,"href":"https:\/\/www.egemtv.com\/index.php?rest_route=\/wp\/v2\/media\/13040"}],"wp:attachment":[{"href":"https:\/\/www.egemtv.com\/index.php?rest_route=%2Fwp%2Fv2%2Fmedia&parent=13039"}],"wp:term":[{"taxonomy":"category","embeddable":true,"href":"https:\/\/www.egemtv.com\/index.php?rest_route=%2Fwp%2Fv2%2Fcategories&post=13039"},{"taxonomy":"post_tag","embeddable":true,"href":"https:\/\/www.egemtv.com\/index.php?rest_route=%2Fwp%2Fv2%2Ftags&post=13039"}],"curies":[{"name":"wp","href":"https:\/\/api.w.org\/{rel}","templated":true}]}}