{"id":13033,"date":"2025-01-28T11:39:17","date_gmt":"2025-01-28T08:39:17","guid":{"rendered":"https:\/\/www.egemtv.com\/?p=13033"},"modified":"2025-01-28T11:39:20","modified_gmt":"2025-01-28T08:39:20","slug":"denizlide-suyun-gelecegi-icin-22-yilda-30-milyar-tl-yatirim-yapildi","status":"publish","type":"post","link":"https:\/\/www.egemtv.com\/?p=13033","title":{"rendered":"Denizli\u2019de suyun gelece\u011fi i\u00e7in 22 y\u0131lda 30 milyar TL yat\u0131r\u0131m yap\u0131ld\u0131"},"content":{"rendered":"<p>DEN\u0130ZL\u0130 (\u0130HA) \u2013Tar\u0131m ve Orman Bakanl\u0131\u011f\u0131 modern sulamay\u0131 yayg\u0131nla\u015ft\u0131rmay\u0131, sa\u011fl\u0131kl\u0131 ve i\u00e7ilebilir su ula\u015ft\u0131rmak ve ta\u015fk\u0131n risklerini kontrol alt\u0131na almak i\u00e7in Denizli\u2019ye 22 y\u0131lda 30 Milyar 208 Milyon TL de\u011ferinde 249 Tesis in\u015fa edildi\u011fini duyurdu.<\/p>\n<p>Tar\u0131m ve Orman Bakanl\u0131\u011f\u0131 Devlet Su \u0130\u015fleri (DS\u0130) Genel M\u00fcd\u00fcrl\u00fc\u011f\u00fc, tar\u0131mda modern sulamay\u0131 yayg\u0131nla\u015ft\u0131rmak, musluklara sa\u011fl\u0131kl\u0131 ve i\u00e7ilebilir su ula\u015ft\u0131rmak ve ta\u015fk\u0131n risklerini kontrol alt\u0131na almak i\u00e7in \u00e7al\u0131\u015fmalar\u0131n\u0131 s\u00fcrd\u00fcr\u00fcyor. T\u00fcrkiye\u2019nin sahip oldu\u011fu su ve sulama tesisleri sayesinde elde etti\u011fi tar\u0131msal \u00fcr\u00fcnlerden dolay\u0131 kendi kendine yetebilen \u00fclkeler aras\u0131nda oldu\u011funu Tar\u0131m ve Orman Bakanl\u0131\u011f\u0131, Denizli\u2019de yap\u0131lan yat\u0131r\u0131mlar\u0131 a\u00e7\u0131klad\u0131. Son 22 y\u0131la ait verileri payla\u015fan yetkililer, \u201cDenizli\u2019de in\u015fa etti\u011fimiz 81 sulama tesisi ile 948 Bin 527 dekar tar\u0131msal araziyi sulamaya a\u00e7t\u0131k. Denizli i\u00e7in 30 Milyar 208 Milyon TL\u2019lik yat\u0131r\u0131m yap\u0131larak 249 adet tesis in\u015fa edildi. Denizli\u2019de son 22 y\u0131lda hizmete al\u0131nan 18 baraj, 14 g\u00f6let ve 5 adet yeralt\u0131 depolama tesisi ile 226 milyon metrek\u00fcp su depolama hacmine ula\u015f\u0131ld\u0131. \u015eu anda 2 g\u00f6letin yap\u0131m \u00e7al\u0131\u015fmalar\u0131 devam ediyor. Bu g\u00f6letlerin tamamlanmas\u0131 ile 9 bin 310 dekar tar\u0131msal araziyi daha sulama suyuna kavu\u015fturmay\u0131 hedefliyoruz\u201d dedi.<\/p>\n<p>\u201cToplula\u015ft\u0131rma ve tarla i\u00e7i geli\u015ftirme ile sa\u011flanan faydalar \u00e7ift\u00e7imizi memnun ediyor\u201d<br \/>\n<br \/>Denizli\u2019de toplam 688 bin 800 dekar alanda arazi toplula\u015ft\u0131rma tescili yap\u0131ld\u0131\u011f\u0131n\u0131 a\u00e7\u0131klayan Tar\u0131m ve Orman Bakanl\u0131\u011f\u0131, \u201cDenizli ilinde Arazi Toplula\u015ft\u0131rma ve Tarla \u0130\u00e7i Geli\u015ftirme Hizmetleri kapsam\u0131nda 10 adet proje tamamlanarak 567 bin 970 dekar, in\u015faat\u0131 devam eden i\u015flerde ise 120 bin 830 dekar olmak \u00fczere toplam 688 bin 800 dekar alanda arazi toplula\u015ft\u0131rma tescili yap\u0131lm\u0131\u015ft\u0131r. Denizli\u2019de 90 adet yerle\u015fim birimi, arazi toplula\u015ft\u0131rma hizmetlerinden faydalanmaktad\u0131r. Toplula\u015ft\u0131rma ve tarla i\u00e7i geli\u015ftirme hizmetlerinden faydalanan \u00e7ift\u00e7ilerimizin memnuniyetini takip ediyoruz\u201d ifadelerini kulland\u0131.<\/p>\n<p>\u201cSuyumuzdan ald\u0131\u011f\u0131m\u0131z g\u00fc\u00e7 enerjiye d\u00f6n\u00fc\u015f\u00fcyor\u201d<br \/>\n<br \/>Denizli\u2019de son 22 y\u0131lda 11 Adet Hidroelektrik Enerji (HES) Tesisi i\u015fletmeye al\u0131narak y\u0131ll\u0131k 320,38 gigawatt (GW) enerji \u00fcretimi sa\u011fland\u0131\u011f\u0131n\u0131 ifade eden yetkililer, \u201c\u015euan planlama ve projelendirme safhas\u0131nda olan 11 adet HES tesisi ile de suyumuzdan ald\u0131\u011f\u0131m\u0131z g\u00fcc\u00fc enerjiye d\u00f6n\u00fc\u015ft\u00fcrerek milletimizin hizmetine sunmay\u0131 planl\u0131yoruz\u201d \u015feklinde konu\u015ftu.<br \/><\/p>\n","protected":false},"excerpt":{"rendered":"<p>DEN\u0130ZL\u0130 (\u0130HA) \u2013Tar\u0131m ve Orman Bakanl\u0131\u011f\u0131 modern sulamay\u0131 yayg\u0131nla\u015ft\u0131rmay\u0131, sa\u011fl\u0131kl\u0131 ve i\u00e7ilebilir su ula\u015ft\u0131rmak ve ta\u015fk\u0131n risklerini kontrol alt\u0131na almak i\u00e7in Denizli\u2019ye 22 y\u0131lda 30 Milyar 208 Milyon TL de\u011ferinde 249 Tesis in\u015fa edildi\u011fini duyurdu. Tar\u0131m ve Orman Bakanl\u0131\u011f\u0131 Devlet Su \u0130\u015fleri (DS\u0130) Genel M\u00fcd\u00fcrl\u00fc\u011f\u00fc, tar\u0131mda modern sulamay\u0131 yayg\u0131nla\u015ft\u0131rmak, musluklara sa\u011fl\u0131kl\u0131 ve i\u00e7ilebilir su ula\u015ft\u0131rmak&#8230;<\/p>\n","protected":false},"author":1,"featured_media":13034,"comment_status":"open","ping_status":"open","sticky":false,"template":"","format":"standard","meta":{"_crdt_document":"","footnotes":""},"categories":[125],"tags":[],"class_list":["post-13033","post","type-post","status-publish","format-standard","has-post-thumbnail","hentry","category-ekonomi"],"_links":{"self":[{"href":"https:\/\/www.egemtv.com\/index.php?rest_route=\/wp\/v2\/posts\/13033","targetHints":{"allow":["GET"]}}],"collection":[{"href":"https:\/\/www.egemtv.com\/index.php?rest_route=\/wp\/v2\/posts"}],"about":[{"href":"https:\/\/www.egemtv.com\/index.php?rest_route=\/wp\/v2\/types\/post"}],"author":[{"embeddable":true,"href":"https:\/\/www.egemtv.com\/index.php?rest_route=\/wp\/v2\/users\/1"}],"replies":[{"embeddable":true,"href":"https:\/\/www.egemtv.com\/index.php?rest_route=%2Fwp%2Fv2%2Fcomments&post=13033"}],"version-history":[{"count":1,"href":"https:\/\/www.egemtv.com\/index.php?rest_route=\/wp\/v2\/posts\/13033\/revisions"}],"predecessor-version":[{"id":13035,"href":"https:\/\/www.egemtv.com\/index.php?rest_route=\/wp\/v2\/posts\/13033\/revisions\/13035"}],"wp:featuredmedia":[{"embeddable":true,"href":"https:\/\/www.egemtv.com\/index.php?rest_route=\/wp\/v2\/media\/13034"}],"wp:attachment":[{"href":"https:\/\/www.egemtv.com\/index.php?rest_route=%2Fwp%2Fv2%2Fmedia&parent=13033"}],"wp:term":[{"taxonomy":"category","embeddable":true,"href":"https:\/\/www.egemtv.com\/index.php?rest_route=%2Fwp%2Fv2%2Fcategories&post=13033"},{"taxonomy":"post_tag","embeddable":true,"href":"https:\/\/www.egemtv.com\/index.php?rest_route=%2Fwp%2Fv2%2Ftags&post=13033"}],"curies":[{"name":"wp","href":"https:\/\/api.w.org\/{rel}","templated":true}]}}