{"id":13030,"date":"2025-01-28T11:39:13","date_gmt":"2025-01-28T08:39:13","guid":{"rendered":"https:\/\/www.egemtv.com\/?p=13030"},"modified":"2025-01-28T11:39:16","modified_gmt":"2025-01-28T08:39:16","slug":"nazilli-belediyesi-ilce-genelindeki-temizlik-calismalarini-surduruyor","status":"publish","type":"post","link":"https:\/\/www.egemtv.com\/?p=13030","title":{"rendered":"Nazilli Belediyesi il\u00e7e genelindeki temizlik \u00e7al\u0131\u015fmalar\u0131n\u0131 s\u00fcrd\u00fcr\u00fcyor"},"content":{"rendered":"<p>Nazilli Belediyesi Temizlik \u0130\u015fleri M\u00fcd\u00fcrl\u00fc\u011f\u00fc her g\u00fcn binlerce ki\u015finin ge\u00e7ti\u011fi ve uzun zamand\u0131r hijyen sorunlar\u0131yla g\u00fcndeme gelen Uzun \u00c7ar\u015f\u0131 alt ge\u00e7idinde kapsaml\u0131 temizlik \u00e7al\u0131\u015fmas\u0131 ger\u00e7ekle\u015ftirdi.<\/p>\n<p>Ekipler, alt ge\u00e7idin merdivenlerini deterjanl\u0131 su ile y\u0131karken y\u00fcr\u00fcyen merdiven ve asans\u00f6rlerde detayl\u0131 temizlik yapt\u0131. \u00c7al\u0131\u015fmalar\u0131ndan dolay\u0131 Nazilli Belediyesi\u2019ne te\u015fekk\u00fcr eden b\u00f6lge esnaf\u0131, \u201c\u00d6zellikle Per\u015fembe g\u00fcnleri bu alan \u00e7ok fazla kullan\u0131l\u0131yor. Bizler kendimiz d\u00fckkan\u0131m\u0131z\u0131n \u00f6n\u00fcn\u00fc temizliyoruz ancak yeterli olmuyor. Merdivenler \u00e7ok k\u00f6t\u00fc durumdayd\u0131. Belediye ekipleri burada ciddi bir \u00e7al\u0131\u015fma yapt\u0131. Merdivenlerimiz tertemiz oldu. Asans\u00f6rlerimizi bile tek tek sildiler. Allah raz\u0131 olsun\u201d dedi.<\/p>\n<p>Yaln\u0131zca sokaklar\u0131n de\u011fil ye\u015fil alanlardan sosyal donat\u0131lara kadar halk\u0131n kulland\u0131\u011f\u0131 her noktan\u0131n detayl\u0131 olarak temizlenece\u011fini ifade eden Nazilli Belediye Ba\u015fkan\u0131 Dr. Ertu\u011frul Tetik, \u201c\u0130l\u00e7emiz genelinde hijyen standartlar\u0131n\u0131 art\u0131rmaya y\u00f6nelik \u00e7al\u0131\u015fmalar\u0131m\u0131z devam ediyor. Nazilli halk\u0131n\u0131n daha temiz bir \u00e7evrede ya\u015famas\u0131 i\u00e7in bug\u00fcne kadar g\u00f6r\u00fclmemi\u015f bir programla her mahallemizde tek tek \u00e7al\u0131\u015fmalar\u0131m\u0131z\u0131 yap\u0131yoruz. M\u00fcd\u00fcrlerimiz, ekiplerimiz bu anlamda yo\u011fun bir mesai sarf ediyor. Halk\u0131m\u0131z\u0131n da yard\u0131m\u0131yla Nazilli\u2019nin temizlik sorununu \u00e7\u00f6zece\u011fiz\u201d ifadelerini kulland\u0131.<br \/><\/p>\n","protected":false},"excerpt":{"rendered":"<p>Nazilli Belediyesi Temizlik \u0130\u015fleri M\u00fcd\u00fcrl\u00fc\u011f\u00fc her g\u00fcn binlerce ki\u015finin ge\u00e7ti\u011fi ve uzun zamand\u0131r hijyen sorunlar\u0131yla g\u00fcndeme gelen Uzun \u00c7ar\u015f\u0131 alt ge\u00e7idinde kapsaml\u0131 temizlik \u00e7al\u0131\u015fmas\u0131 ger\u00e7ekle\u015ftirdi. Ekipler, alt ge\u00e7idin merdivenlerini deterjanl\u0131 su ile y\u0131karken y\u00fcr\u00fcyen merdiven ve asans\u00f6rlerde detayl\u0131 temizlik yapt\u0131. \u00c7al\u0131\u015fmalar\u0131ndan dolay\u0131 Nazilli Belediyesi\u2019ne te\u015fekk\u00fcr eden b\u00f6lge esnaf\u0131, \u201c\u00d6zellikle Per\u015fembe g\u00fcnleri bu alan \u00e7ok fazla&#8230;<\/p>\n","protected":false},"author":1,"featured_media":13031,"comment_status":"open","ping_status":"open","sticky":false,"template":"","format":"standard","meta":{"_crdt_document":"","footnotes":""},"categories":[1],"tags":[],"class_list":["post-13030","post","type-post","status-publish","format-standard","has-post-thumbnail","hentry","category-guncel"],"_links":{"self":[{"href":"https:\/\/www.egemtv.com\/index.php?rest_route=\/wp\/v2\/posts\/13030","targetHints":{"allow":["GET"]}}],"collection":[{"href":"https:\/\/www.egemtv.com\/index.php?rest_route=\/wp\/v2\/posts"}],"about":[{"href":"https:\/\/www.egemtv.com\/index.php?rest_route=\/wp\/v2\/types\/post"}],"author":[{"embeddable":true,"href":"https:\/\/www.egemtv.com\/index.php?rest_route=\/wp\/v2\/users\/1"}],"replies":[{"embeddable":true,"href":"https:\/\/www.egemtv.com\/index.php?rest_route=%2Fwp%2Fv2%2Fcomments&post=13030"}],"version-history":[{"count":1,"href":"https:\/\/www.egemtv.com\/index.php?rest_route=\/wp\/v2\/posts\/13030\/revisions"}],"predecessor-version":[{"id":13032,"href":"https:\/\/www.egemtv.com\/index.php?rest_route=\/wp\/v2\/posts\/13030\/revisions\/13032"}],"wp:featuredmedia":[{"embeddable":true,"href":"https:\/\/www.egemtv.com\/index.php?rest_route=\/wp\/v2\/media\/13031"}],"wp:attachment":[{"href":"https:\/\/www.egemtv.com\/index.php?rest_route=%2Fwp%2Fv2%2Fmedia&parent=13030"}],"wp:term":[{"taxonomy":"category","embeddable":true,"href":"https:\/\/www.egemtv.com\/index.php?rest_route=%2Fwp%2Fv2%2Fcategories&post=13030"},{"taxonomy":"post_tag","embeddable":true,"href":"https:\/\/www.egemtv.com\/index.php?rest_route=%2Fwp%2Fv2%2Ftags&post=13030"}],"curies":[{"name":"wp","href":"https:\/\/api.w.org\/{rel}","templated":true}]}}