{"id":13027,"date":"2025-01-28T11:39:08","date_gmt":"2025-01-28T08:39:08","guid":{"rendered":"https:\/\/www.egemtv.com\/?p=13027"},"modified":"2025-01-28T11:39:12","modified_gmt":"2025-01-28T08:39:12","slug":"yangin-tupu-satan-is-yerlerine-yonelik-fiyat-denetimi","status":"publish","type":"post","link":"https:\/\/www.egemtv.com\/?p=13027","title":{"rendered":"Yang\u0131n t\u00fcp\u00fc satan i\u015f yerlerine y\u00f6nelik fiyat denetimi"},"content":{"rendered":"<p>Bolu Kartalkaya\u2019da ya\u015fanan yang\u0131n facias\u0131n\u0131n ard\u0131ndan yang\u0131n t\u00fcpleri ve malzemelerinde fiyat art\u0131\u015flar\u0131 iddialar\u0131 \u00fczerine Afyonkarahisar Ticaret \u0130l M\u00fcd\u00fcrl\u00fc\u011f\u00fc ekipleri harekete ge\u00e7ti.<br \/>\n<br \/>Ekipler, Afyonkarahisar genelinde bu \u00fcr\u00fcnleri satan i\u015fletmelere y\u00f6nelik s\u0131k\u0131 denetimler ger\u00e7ekle\u015ftiriyor. Ekipler yang\u0131n s\u00f6nd\u00fcr\u00fcc\u00fc sprey, yang\u0131n battaniyesi ve duman dedekt\u00f6r\u00fc gibi \u00fcr\u00fcnlerin fiyatlar\u0131n\u0131 Kartalkaya\u2019daki yang\u0131n \u00f6ncesi ve sonras\u0131 kar\u015f\u0131la\u015ft\u0131rarak, fahi\u015f fiyat art\u0131\u015f\u0131 olup olmad\u0131\u011f\u0131n\u0131 kontrol ediyor. T\u00fcketici ma\u011fduriyetlerini gidermek i\u00e7in denetimlerini aral\u0131ks\u0131z s\u00fcrd\u00fcren ekipler, esnaflar\u0131 da bu konuda uyard\u0131.<br \/><\/p>\n","protected":false},"excerpt":{"rendered":"<p>Bolu Kartalkaya\u2019da ya\u015fanan yang\u0131n facias\u0131n\u0131n ard\u0131ndan yang\u0131n t\u00fcpleri ve malzemelerinde fiyat art\u0131\u015flar\u0131 iddialar\u0131 \u00fczerine Afyonkarahisar Ticaret \u0130l M\u00fcd\u00fcrl\u00fc\u011f\u00fc ekipleri harekete ge\u00e7ti. Ekipler, Afyonkarahisar genelinde bu \u00fcr\u00fcnleri satan i\u015fletmelere y\u00f6nelik s\u0131k\u0131 denetimler ger\u00e7ekle\u015ftiriyor. Ekipler yang\u0131n s\u00f6nd\u00fcr\u00fcc\u00fc sprey, yang\u0131n battaniyesi ve duman dedekt\u00f6r\u00fc gibi \u00fcr\u00fcnlerin fiyatlar\u0131n\u0131 Kartalkaya\u2019daki yang\u0131n \u00f6ncesi ve sonras\u0131 kar\u015f\u0131la\u015ft\u0131rarak, fahi\u015f fiyat art\u0131\u015f\u0131 olup olmad\u0131\u011f\u0131n\u0131&#8230;<\/p>\n","protected":false},"author":1,"featured_media":13028,"comment_status":"open","ping_status":"open","sticky":false,"template":"","format":"standard","meta":{"_crdt_document":"","footnotes":""},"categories":[1],"tags":[],"class_list":["post-13027","post","type-post","status-publish","format-standard","has-post-thumbnail","hentry","category-guncel"],"_links":{"self":[{"href":"https:\/\/www.egemtv.com\/index.php?rest_route=\/wp\/v2\/posts\/13027","targetHints":{"allow":["GET"]}}],"collection":[{"href":"https:\/\/www.egemtv.com\/index.php?rest_route=\/wp\/v2\/posts"}],"about":[{"href":"https:\/\/www.egemtv.com\/index.php?rest_route=\/wp\/v2\/types\/post"}],"author":[{"embeddable":true,"href":"https:\/\/www.egemtv.com\/index.php?rest_route=\/wp\/v2\/users\/1"}],"replies":[{"embeddable":true,"href":"https:\/\/www.egemtv.com\/index.php?rest_route=%2Fwp%2Fv2%2Fcomments&post=13027"}],"version-history":[{"count":1,"href":"https:\/\/www.egemtv.com\/index.php?rest_route=\/wp\/v2\/posts\/13027\/revisions"}],"predecessor-version":[{"id":13029,"href":"https:\/\/www.egemtv.com\/index.php?rest_route=\/wp\/v2\/posts\/13027\/revisions\/13029"}],"wp:featuredmedia":[{"embeddable":true,"href":"https:\/\/www.egemtv.com\/index.php?rest_route=\/wp\/v2\/media\/13028"}],"wp:attachment":[{"href":"https:\/\/www.egemtv.com\/index.php?rest_route=%2Fwp%2Fv2%2Fmedia&parent=13027"}],"wp:term":[{"taxonomy":"category","embeddable":true,"href":"https:\/\/www.egemtv.com\/index.php?rest_route=%2Fwp%2Fv2%2Fcategories&post=13027"},{"taxonomy":"post_tag","embeddable":true,"href":"https:\/\/www.egemtv.com\/index.php?rest_route=%2Fwp%2Fv2%2Ftags&post=13027"}],"curies":[{"name":"wp","href":"https:\/\/api.w.org\/{rel}","templated":true}]}}