{"id":13024,"date":"2025-01-28T11:34:33","date_gmt":"2025-01-28T08:34:33","guid":{"rendered":"https:\/\/www.egemtv.com\/?p=13024"},"modified":"2025-01-28T11:34:35","modified_gmt":"2025-01-28T08:34:35","slug":"kusadali-kadinlar-ekonomik-ozgurluk-icin-el-ele-verecek","status":"publish","type":"post","link":"https:\/\/www.egemtv.com\/?p=13024","title":{"rendered":"Ku\u015fadal\u0131 kad\u0131nlar ekonomik \u00f6zg\u00fcrl\u00fck i\u00e7in el ele verecek"},"content":{"rendered":"<p>Ku\u015fadas\u0131 Belediyesi, Giri\u015fimci Kad\u0131nlar i\u015f birli\u011fi protokol\u00fc ile ailesine ek gelir sa\u011flamak i\u00e7in evlerinde \u00e7e\u015fitli \u00fcr\u00fcnler \u00fcreten kad\u0131nlar\u0131n ekonomik ya\u015fama kat\u0131l\u0131mlar\u0131n\u0131 te\u015fvik edecek \u00f6nemli bir ad\u0131m daha att\u0131. \u0130mza t\u00f6reninde konu\u015fan Ku\u015fadas\u0131 Belediye Ba\u015fkan\u0131 \u00d6mer G\u00fcnel, kad\u0131nlar\u0131n \u00fcretime kat\u0131larak ekonomik \u00f6zg\u00fcrl\u00fc\u011fe sahip olmalar\u0131n\u0131n \u00f6nemine dikkat \u00e7ekerek \u201cG\u00fc\u00e7l\u00fc kad\u0131n, g\u00fc\u00e7l\u00fc toplum\u201d vurgusu yapt\u0131.<\/p>\n<p>Ku\u015fadas\u0131 Belediyesi kad\u0131n eme\u011fini de\u011ferlendirmek amac\u0131yla bir i\u015f birli\u011fi protokol\u00fc imzalad\u0131. 2018 y\u0131l\u0131ndan bu yana \u201cEl Ele Ekonomik \u00d6zg\u00fcrl\u00fc\u011fe\u201d slogan\u0131yla y\u00fcr\u00fct\u00fclen GiKA (Giri\u015fimci Kad\u0131nlar) projesi kapsam\u0131nda y\u00fcr\u00fct\u00fclecek \u00e7al\u0131\u015fmalarda i\u015f birli\u011fi yap\u0131lmas\u0131n\u0131 \u00f6ng\u00f6ren protokol i\u00e7in d\u00fczenlenen imza t\u00f6reni Ku\u015fadas\u0131 Belediye Ba\u015fkan\u0131 \u00d6mer G\u00fcnel\u2019in makam\u0131nda ger\u00e7ekle\u015fti.<\/p>\n<p>T\u00f6rende konu\u015fan Ku\u015fadas\u0131 Belediye Ba\u015fkan\u0131 \u00d6mer G\u00fcnel, kad\u0131nlar\u0131n \u00fcretim ve y\u00f6netim mekanizmalar\u0131 i\u00e7erisinde etkin ve aktif bireyler olarak yer almalar\u0131n\u0131 sa\u011flamak amac\u0131yla ya\u015fama ge\u00e7irilecek  her t\u00fcrl\u00fc projeye destek vermeye haz\u0131r olduklar\u0131n\u0131 belirterek, g\u00fc\u00e7l\u00fc bir toplum yap\u0131s\u0131n\u0131n g\u00fc\u00e7l\u00fc kad\u0131nlarla m\u00fcmk\u00fcn oldu\u011funu s\u00f6yledi. Kad\u0131nlar\u0131n g\u00fc\u00e7lenmesinin ise \u00fcretime kat\u0131lmalar\u0131 ile m\u00fcmk\u00fcn oldu\u011funa dikkat \u00e7eken Ba\u015fkan \u00d6mer G\u00fcnel, i\u015f birli\u011fi protokol\u00fcn\u00fcn Ku\u015fadal\u0131 kad\u0131nlara hay\u0131rl\u0131 olmas\u0131n\u0131 diledi.<br \/><\/p>\n","protected":false},"excerpt":{"rendered":"<p>Ku\u015fadas\u0131 Belediyesi, Giri\u015fimci Kad\u0131nlar i\u015f birli\u011fi protokol\u00fc ile ailesine ek gelir sa\u011flamak i\u00e7in evlerinde \u00e7e\u015fitli \u00fcr\u00fcnler \u00fcreten kad\u0131nlar\u0131n ekonomik ya\u015fama kat\u0131l\u0131mlar\u0131n\u0131 te\u015fvik edecek \u00f6nemli bir ad\u0131m daha att\u0131. \u0130mza t\u00f6reninde konu\u015fan Ku\u015fadas\u0131 Belediye Ba\u015fkan\u0131 \u00d6mer G\u00fcnel, kad\u0131nlar\u0131n \u00fcretime kat\u0131larak ekonomik \u00f6zg\u00fcrl\u00fc\u011fe sahip olmalar\u0131n\u0131n \u00f6nemine dikkat \u00e7ekerek \u201cG\u00fc\u00e7l\u00fc kad\u0131n, g\u00fc\u00e7l\u00fc toplum\u201d vurgusu yapt\u0131. Ku\u015fadas\u0131 Belediyesi kad\u0131n&#8230;<\/p>\n","protected":false},"author":1,"featured_media":13025,"comment_status":"open","ping_status":"open","sticky":false,"template":"","format":"standard","meta":{"_crdt_document":"","footnotes":""},"categories":[125],"tags":[],"class_list":["post-13024","post","type-post","status-publish","format-standard","has-post-thumbnail","hentry","category-ekonomi"],"_links":{"self":[{"href":"https:\/\/www.egemtv.com\/index.php?rest_route=\/wp\/v2\/posts\/13024","targetHints":{"allow":["GET"]}}],"collection":[{"href":"https:\/\/www.egemtv.com\/index.php?rest_route=\/wp\/v2\/posts"}],"about":[{"href":"https:\/\/www.egemtv.com\/index.php?rest_route=\/wp\/v2\/types\/post"}],"author":[{"embeddable":true,"href":"https:\/\/www.egemtv.com\/index.php?rest_route=\/wp\/v2\/users\/1"}],"replies":[{"embeddable":true,"href":"https:\/\/www.egemtv.com\/index.php?rest_route=%2Fwp%2Fv2%2Fcomments&post=13024"}],"version-history":[{"count":1,"href":"https:\/\/www.egemtv.com\/index.php?rest_route=\/wp\/v2\/posts\/13024\/revisions"}],"predecessor-version":[{"id":13026,"href":"https:\/\/www.egemtv.com\/index.php?rest_route=\/wp\/v2\/posts\/13024\/revisions\/13026"}],"wp:featuredmedia":[{"embeddable":true,"href":"https:\/\/www.egemtv.com\/index.php?rest_route=\/wp\/v2\/media\/13025"}],"wp:attachment":[{"href":"https:\/\/www.egemtv.com\/index.php?rest_route=%2Fwp%2Fv2%2Fmedia&parent=13024"}],"wp:term":[{"taxonomy":"category","embeddable":true,"href":"https:\/\/www.egemtv.com\/index.php?rest_route=%2Fwp%2Fv2%2Fcategories&post=13024"},{"taxonomy":"post_tag","embeddable":true,"href":"https:\/\/www.egemtv.com\/index.php?rest_route=%2Fwp%2Fv2%2Ftags&post=13024"}],"curies":[{"name":"wp","href":"https:\/\/api.w.org\/{rel}","templated":true}]}}