{"id":13021,"date":"2025-01-28T11:34:29","date_gmt":"2025-01-28T08:34:29","guid":{"rendered":"https:\/\/www.egemtv.com\/?p=13021"},"modified":"2025-01-28T11:34:32","modified_gmt":"2025-01-28T08:34:32","slug":"guzbey-guven-tazeledi","status":"publish","type":"post","link":"https:\/\/www.egemtv.com\/?p=13021","title":{"rendered":"G\u00fczbey g\u00fcven tazeledi"},"content":{"rendered":"<p>Afyonkarahisar Kuyumcular ve Sarraflar Derne\u011fi Ba\u015fkan\u0131 Hayrettin G\u00fczbey yap\u0131lan genel kurul sonras\u0131 yeniden ba\u015fkan se\u00e7ilerek g\u00fcven tazeledi.<br \/>\n<br \/>Genel kurul Afyonkarahisar Ticaret ve Sanayi Odas\u0131\u2019n\u0131n ev sahipli\u011finde yo\u011fun kat\u0131l\u0131mla ger\u00e7ekle\u015ftirildi.<br \/>\n<br \/>Divan olu\u015fumunun ard\u0131ndan faaliyet raporu ve denetim raporlar\u0131n\u0131n de\u011ferlendirmesi yap\u0131ld\u0131, Faaliyetlerin ibras\u0131n\u0131n ard\u0131ndan se\u00e7imlere ge\u00e7ildi.<br \/>\n<br \/>Genel kurulda mevcut ba\u015fkan Hayrettin G\u00fczbey, oy birli\u011fi ile yeniden ba\u015fkan se\u00e7ilerek g\u00fcven tazeledi.<br \/><\/p>\n","protected":false},"excerpt":{"rendered":"<p>Afyonkarahisar Kuyumcular ve Sarraflar Derne\u011fi Ba\u015fkan\u0131 Hayrettin G\u00fczbey yap\u0131lan genel kurul sonras\u0131 yeniden ba\u015fkan se\u00e7ilerek g\u00fcven tazeledi. Genel kurul Afyonkarahisar Ticaret ve Sanayi Odas\u0131\u2019n\u0131n ev sahipli\u011finde yo\u011fun kat\u0131l\u0131mla ger\u00e7ekle\u015ftirildi. Divan olu\u015fumunun ard\u0131ndan faaliyet raporu ve denetim raporlar\u0131n\u0131n de\u011ferlendirmesi yap\u0131ld\u0131, Faaliyetlerin ibras\u0131n\u0131n ard\u0131ndan se\u00e7imlere ge\u00e7ildi. Genel kurulda mevcut ba\u015fkan Hayrettin G\u00fczbey, oy birli\u011fi ile yeniden ba\u015fkan&#8230;<\/p>\n","protected":false},"author":1,"featured_media":13022,"comment_status":"open","ping_status":"open","sticky":false,"template":"","format":"standard","meta":{"_crdt_document":"","footnotes":""},"categories":[1],"tags":[],"class_list":["post-13021","post","type-post","status-publish","format-standard","has-post-thumbnail","hentry","category-guncel"],"_links":{"self":[{"href":"https:\/\/www.egemtv.com\/index.php?rest_route=\/wp\/v2\/posts\/13021","targetHints":{"allow":["GET"]}}],"collection":[{"href":"https:\/\/www.egemtv.com\/index.php?rest_route=\/wp\/v2\/posts"}],"about":[{"href":"https:\/\/www.egemtv.com\/index.php?rest_route=\/wp\/v2\/types\/post"}],"author":[{"embeddable":true,"href":"https:\/\/www.egemtv.com\/index.php?rest_route=\/wp\/v2\/users\/1"}],"replies":[{"embeddable":true,"href":"https:\/\/www.egemtv.com\/index.php?rest_route=%2Fwp%2Fv2%2Fcomments&post=13021"}],"version-history":[{"count":1,"href":"https:\/\/www.egemtv.com\/index.php?rest_route=\/wp\/v2\/posts\/13021\/revisions"}],"predecessor-version":[{"id":13023,"href":"https:\/\/www.egemtv.com\/index.php?rest_route=\/wp\/v2\/posts\/13021\/revisions\/13023"}],"wp:featuredmedia":[{"embeddable":true,"href":"https:\/\/www.egemtv.com\/index.php?rest_route=\/wp\/v2\/media\/13022"}],"wp:attachment":[{"href":"https:\/\/www.egemtv.com\/index.php?rest_route=%2Fwp%2Fv2%2Fmedia&parent=13021"}],"wp:term":[{"taxonomy":"category","embeddable":true,"href":"https:\/\/www.egemtv.com\/index.php?rest_route=%2Fwp%2Fv2%2Fcategories&post=13021"},{"taxonomy":"post_tag","embeddable":true,"href":"https:\/\/www.egemtv.com\/index.php?rest_route=%2Fwp%2Fv2%2Ftags&post=13021"}],"curies":[{"name":"wp","href":"https:\/\/api.w.org\/{rel}","templated":true}]}}