{"id":13018,"date":"2025-01-28T11:34:23","date_gmt":"2025-01-28T08:34:23","guid":{"rendered":"https:\/\/www.egemtv.com\/?p=13018"},"modified":"2025-01-28T11:34:28","modified_gmt":"2025-01-28T08:34:28","slug":"selcukta-ucretsiz-meslek-kurslari-basladi","status":"publish","type":"post","link":"https:\/\/www.egemtv.com\/?p=13018","title":{"rendered":"Sel\u00e7uk\u2019ta \u00fccretsiz meslek kurslar\u0131 ba\u015flad\u0131"},"content":{"rendered":"<p>Sel\u00e7uk Belediyesi ve \u0130zmir B\u00fcy\u00fck\u015fehir Belediyesi Sosyal Hizmetler Dairesi Ba\u015fkanl\u0131\u011f\u0131 Meslek Fabrikas\u0131 \u015eube M\u00fcd\u00fcrl\u00fc\u011f\u00fc i\u015f birli\u011fiyle d\u00fczenlenen \u00fccretsiz meslek kurslar\u0131 ba\u015flad\u0131. \u0130lk kez d\u00fczenlenen \u201cTuristik Hediyelik E\u015fya Yap\u0131m\u0131\u201d kursu, Prof. Dr. \u0130smail Aka K\u00fct\u00fcphanesi ve Sosyal Etkinlik Merkezi\u2019nde kad\u0131nlar taraf\u0131ndan yo\u011fun ilgi g\u00f6rd\u00fc.<br \/>\n<br \/>\u0130zmir B\u00fcy\u00fck\u015fehir Belediyesi Meslek Fabrikas\u0131 El Sanatlar\u0131 E\u011fitmeni \u015eule Baysal taraf\u0131ndan verilen e\u011fitimler, Per\u015fembe ve Cuma g\u00fcnleri 10.00-13.30 saatleri aras\u0131nda devam edece\u011fi belirtildi. 28 Mart\u2019a kadar s\u00fcrecek kursa, hobilerini mesle\u011fe d\u00f6n\u00fc\u015ft\u00fcrmek isteyen 21 kad\u0131n kursiyer kat\u0131l\u0131yor.<\/p>\n<p>El becerileri geli\u015ftiriliyor<br \/>\n<br \/>Kad\u0131nlar\u0131n aile ekonomisine katk\u0131 sa\u011flamalar\u0131 ve i\u015f istihdam\u0131nda yer almalar\u0131n\u0131 desteklemek amac\u0131yla d\u00fczenlenen kursta, kad\u0131nlar bir\u00e7ok el sanat\u0131n\u0131 \u00f6\u011frenme imk\u00e2n\u0131 buluyor. Dekoratif ev aksesuarlar\u0131, masa \u00fcst\u00fc obje yap\u0131mlar\u0131, dolgu bebek oyuncak yap\u0131m\u0131, t\u0131\u011f \u00f6rg\u00fc bebek yap\u0131m\u0131, \u00e7ini \u00e7al\u0131\u015fmalar\u0131, ta\u015f d\u00f6k\u00fcm\u00fc ve sepet \u00f6rg\u00fcs\u00fc gibi e\u011fitimlerle kad\u0131nlar\u0131n hem yeni beceriler \u00f6\u011frenmesi hem de hobi edinmesi sa\u011flan\u0131rken, kursa kat\u0131lan t\u00fcm kat\u0131l\u0131mc\u0131lara kurs sonunda \u201cKat\u0131l\u0131m Belgesi\u201d verilecek.<\/p>\n<p>Yeni kurslar i\u00e7in \u00f6n kay\u0131tlar ba\u015flad\u0131<br \/>\n<br \/>Meslek kurslar\u0131 kapsam\u0131nda, T\u0131bbi Aromatik Bitki Yeti\u015ftiricili\u011fi ve A1 d\u00fczeyinde \u0130ngilizce e\u011fitimleri i\u00e7in de \u00f6n kay\u0131tlar ba\u015flad\u0131. E\u011fitici kurslara kat\u0131lmak isteyen vatanda\u015flar, Prof. Dr. \u0130smail Aka K\u00fct\u00fcphanesi ve Sosyal Etkinlik Merkezine \u015fahsen ba\u015fvurarak ya da 0232-892 17 20 numaral\u0131 telefondan bilgi alarak kay\u0131t yapt\u0131rabilir.<br \/><\/p>\n","protected":false},"excerpt":{"rendered":"<p>Sel\u00e7uk Belediyesi ve \u0130zmir B\u00fcy\u00fck\u015fehir Belediyesi Sosyal Hizmetler Dairesi Ba\u015fkanl\u0131\u011f\u0131 Meslek Fabrikas\u0131 \u015eube M\u00fcd\u00fcrl\u00fc\u011f\u00fc i\u015f birli\u011fiyle d\u00fczenlenen \u00fccretsiz meslek kurslar\u0131 ba\u015flad\u0131. \u0130lk kez d\u00fczenlenen \u201cTuristik Hediyelik E\u015fya Yap\u0131m\u0131\u201d kursu, Prof. Dr. \u0130smail Aka K\u00fct\u00fcphanesi ve Sosyal Etkinlik Merkezi\u2019nde kad\u0131nlar taraf\u0131ndan yo\u011fun ilgi g\u00f6rd\u00fc. \u0130zmir B\u00fcy\u00fck\u015fehir Belediyesi Meslek Fabrikas\u0131 El Sanatlar\u0131 E\u011fitmeni \u015eule Baysal taraf\u0131ndan verilen&#8230;<\/p>\n","protected":false},"author":1,"featured_media":13019,"comment_status":"open","ping_status":"open","sticky":false,"template":"","format":"standard","meta":{"_crdt_document":"","footnotes":""},"categories":[1],"tags":[],"class_list":["post-13018","post","type-post","status-publish","format-standard","has-post-thumbnail","hentry","category-guncel"],"_links":{"self":[{"href":"https:\/\/www.egemtv.com\/index.php?rest_route=\/wp\/v2\/posts\/13018","targetHints":{"allow":["GET"]}}],"collection":[{"href":"https:\/\/www.egemtv.com\/index.php?rest_route=\/wp\/v2\/posts"}],"about":[{"href":"https:\/\/www.egemtv.com\/index.php?rest_route=\/wp\/v2\/types\/post"}],"author":[{"embeddable":true,"href":"https:\/\/www.egemtv.com\/index.php?rest_route=\/wp\/v2\/users\/1"}],"replies":[{"embeddable":true,"href":"https:\/\/www.egemtv.com\/index.php?rest_route=%2Fwp%2Fv2%2Fcomments&post=13018"}],"version-history":[{"count":1,"href":"https:\/\/www.egemtv.com\/index.php?rest_route=\/wp\/v2\/posts\/13018\/revisions"}],"predecessor-version":[{"id":13020,"href":"https:\/\/www.egemtv.com\/index.php?rest_route=\/wp\/v2\/posts\/13018\/revisions\/13020"}],"wp:featuredmedia":[{"embeddable":true,"href":"https:\/\/www.egemtv.com\/index.php?rest_route=\/wp\/v2\/media\/13019"}],"wp:attachment":[{"href":"https:\/\/www.egemtv.com\/index.php?rest_route=%2Fwp%2Fv2%2Fmedia&parent=13018"}],"wp:term":[{"taxonomy":"category","embeddable":true,"href":"https:\/\/www.egemtv.com\/index.php?rest_route=%2Fwp%2Fv2%2Fcategories&post=13018"},{"taxonomy":"post_tag","embeddable":true,"href":"https:\/\/www.egemtv.com\/index.php?rest_route=%2Fwp%2Fv2%2Ftags&post=13018"}],"curies":[{"name":"wp","href":"https:\/\/api.w.org\/{rel}","templated":true}]}}