{"id":13015,"date":"2025-01-28T11:25:43","date_gmt":"2025-01-28T08:25:43","guid":{"rendered":"https:\/\/www.egemtv.com\/?p=13015"},"modified":"2025-01-28T11:25:46","modified_gmt":"2025-01-28T08:25:46","slug":"mahalle-sakinlerinin-cop-tepkisi","status":"publish","type":"post","link":"https:\/\/www.egemtv.com\/?p=13015","title":{"rendered":"Mahalle sakinlerinin \u2019\u00e7\u00f6p\u2019 tepkisi"},"content":{"rendered":"<p>Ayd\u0131n\u2019\u0131n Efeler il\u00e7esine ba\u011fl\u0131 Yedi Eyl\u00fcl Mahallesi sakinleri, duyars\u0131z ki\u015filer taraf\u0131ndan kald\u0131r\u0131ma b\u0131rak\u0131lan \u00e7\u00f6plere tepki g\u00f6sterirken, uzun s\u00fcredir b\u00f6lgede duran \u00e7\u00f6plerin al\u0131nmamas\u0131na da dikkat \u00e7ekerek Efeler Belediyesi\u2019ni g\u00f6reve \u00e7a\u011f\u0131rd\u0131.<\/p>\n<p>Efeler il\u00e7esi Yedi Eyl\u00fcl Mahallesi 1016 Sokak \u00fczerinde duyars\u0131z vatanda\u015flarca kald\u0131r\u0131ma b\u0131rak\u0131lan ve Efeler Belediyesi taraf\u0131ndan toplanmayan \u00e7\u00f6p ve soba k\u00fclleri, mahalle sakinlerinin tepkisini \u00e7ekti. Uzun s\u00fcredir b\u00f6lgede duran ve k\u00f6t\u00fc kokuya sebep olan \u00e7\u00f6plerin al\u0131nmas\u0131 i\u00e7in Efeler Belediyesi\u2019ne \u00e7a\u011fr\u0131 yapan mahalle sakinleri, vatanda\u015flar\u0131n da duyarl\u0131 olmas\u0131n\u0131 istedi.<\/p>\n<p>Belediye yetkililerinin her g\u00fcn sokaktan ge\u00e7ti\u011fini ancak s\u00f6ylemelerine ra\u011fmen sadece k\u00fcl olmad\u0131\u011f\u0131 gerek\u00e7esiyle \u00e7\u00f6pleri almadan gittiklerini s\u00f6yleyen mahalle sakinlerinden U.\u015e., &#8220;Elektrik dire\u011finin dibine soba k\u00fcllerini b\u0131rakanlar oluyordu ancak bunu g\u00f6ren baz\u0131 duyars\u0131zlar da \u00e7\u00f6plerini de buraya b\u0131rakmaya ba\u015flad\u0131. Uzun s\u00fcredir bu \u00e7\u00f6pler burada duruyor. Belediyeden gelip alan da yok. Temizlik i\u015f\u00e7ilerine s\u00f6yl\u00fcyoruz ama sadece k\u00fcl olmad\u0131\u011f\u0131 i\u00e7in \u2019biz alamay\u0131z\u2019 diyorlar. Buna anlam vermek \u00e7ok zor. Hem duyars\u0131z vatanda\u015flar\u0131n \u00e7\u00f6p b\u0131rakmas\u0131 hem de belediyenin \u00e7\u00f6pleri toplamamas\u0131ndan dolay\u0131 olu\u015fan k\u00f6t\u00fc kokuya maruz kal\u0131yoruz. Yetkililerin bu \u00e7\u00f6pleri toplamas\u0131n\u0131 istiyoruz&#8221; dedi.<br \/><\/p>\n","protected":false},"excerpt":{"rendered":"<p>Ayd\u0131n\u2019\u0131n Efeler il\u00e7esine ba\u011fl\u0131 Yedi Eyl\u00fcl Mahallesi sakinleri, duyars\u0131z ki\u015filer taraf\u0131ndan kald\u0131r\u0131ma b\u0131rak\u0131lan \u00e7\u00f6plere tepki g\u00f6sterirken, uzun s\u00fcredir b\u00f6lgede duran \u00e7\u00f6plerin al\u0131nmamas\u0131na da dikkat \u00e7ekerek Efeler Belediyesi\u2019ni g\u00f6reve \u00e7a\u011f\u0131rd\u0131. Efeler il\u00e7esi Yedi Eyl\u00fcl Mahallesi 1016 Sokak \u00fczerinde duyars\u0131z vatanda\u015flarca kald\u0131r\u0131ma b\u0131rak\u0131lan ve Efeler Belediyesi taraf\u0131ndan toplanmayan \u00e7\u00f6p ve soba k\u00fclleri, mahalle sakinlerinin tepkisini \u00e7ekti. Uzun&#8230;<\/p>\n","protected":false},"author":1,"featured_media":13016,"comment_status":"open","ping_status":"open","sticky":false,"template":"","format":"standard","meta":{"_crdt_document":"","footnotes":""},"categories":[1],"tags":[],"class_list":["post-13015","post","type-post","status-publish","format-standard","has-post-thumbnail","hentry","category-guncel"],"_links":{"self":[{"href":"https:\/\/www.egemtv.com\/index.php?rest_route=\/wp\/v2\/posts\/13015","targetHints":{"allow":["GET"]}}],"collection":[{"href":"https:\/\/www.egemtv.com\/index.php?rest_route=\/wp\/v2\/posts"}],"about":[{"href":"https:\/\/www.egemtv.com\/index.php?rest_route=\/wp\/v2\/types\/post"}],"author":[{"embeddable":true,"href":"https:\/\/www.egemtv.com\/index.php?rest_route=\/wp\/v2\/users\/1"}],"replies":[{"embeddable":true,"href":"https:\/\/www.egemtv.com\/index.php?rest_route=%2Fwp%2Fv2%2Fcomments&post=13015"}],"version-history":[{"count":1,"href":"https:\/\/www.egemtv.com\/index.php?rest_route=\/wp\/v2\/posts\/13015\/revisions"}],"predecessor-version":[{"id":13017,"href":"https:\/\/www.egemtv.com\/index.php?rest_route=\/wp\/v2\/posts\/13015\/revisions\/13017"}],"wp:featuredmedia":[{"embeddable":true,"href":"https:\/\/www.egemtv.com\/index.php?rest_route=\/wp\/v2\/media\/13016"}],"wp:attachment":[{"href":"https:\/\/www.egemtv.com\/index.php?rest_route=%2Fwp%2Fv2%2Fmedia&parent=13015"}],"wp:term":[{"taxonomy":"category","embeddable":true,"href":"https:\/\/www.egemtv.com\/index.php?rest_route=%2Fwp%2Fv2%2Fcategories&post=13015"},{"taxonomy":"post_tag","embeddable":true,"href":"https:\/\/www.egemtv.com\/index.php?rest_route=%2Fwp%2Fv2%2Ftags&post=13015"}],"curies":[{"name":"wp","href":"https:\/\/api.w.org\/{rel}","templated":true}]}}