{"id":13012,"date":"2025-01-28T11:17:53","date_gmt":"2025-01-28T08:17:53","guid":{"rendered":"https:\/\/www.egemtv.com\/?p=13012"},"modified":"2025-01-28T11:17:54","modified_gmt":"2025-01-28T08:17:54","slug":"yilin-ilk-leylegi-yuvasina-kondu","status":"publish","type":"post","link":"https:\/\/www.egemtv.com\/?p=13012","title":{"rendered":"Y\u0131l\u0131n ilk leyle\u011fi yuvas\u0131na kondu"},"content":{"rendered":"<p>Ayd\u0131n\u2019\u0131n S\u00f6ke il\u00e7esinde bahar\u0131n m\u00fcjdecisi olarak bilinen ilk leylek (Ciconia ciconia), G\u00f6lbent Mahallesi\u2019ne geldi. Leyle\u011fi g\u00f6r\u00fcp videosunu \u00e7eken Emine Tomruk ve yine leyle\u011fi g\u00f6ren ama ak\u0131ll\u0131 telefonu kullanmay\u0131 bilmedi\u011fi i\u00e7in foto\u011fraflayamayan day\u0131s\u0131 83 ya\u015f\u0131ndaki Mustafa Ali Avc\u0131lar\u2019a birer \u00e7uval un hediye edildi.<br \/>\n<br \/>\u00d6nceki y\u0131llarda \u015fubat ay\u0131n\u0131n sonunda veya martta gelen leylekler, son y\u0131llarda iklim de\u011fi\u015fikli\u011finin etkilerinin g\u00f6r\u00fcld\u00fc\u011f\u00fc, adeta bahar mevsiminin ya\u015fand\u0131\u011f\u0131 ocak ay\u0131nda gelmeye ba\u015flad\u0131. Ayd\u0131n\u2019da y\u0131l\u0131n ilk leyle\u011fi ise S\u00f6ke G\u00f6lbent Mahallesi\u2019ndeki yuvas\u0131na kondu. Leyle\u011fi yuvas\u0131nda g\u00f6r\u00fcnt\u00fcleyen Emine Tomruk ve yine leyle\u011fi g\u00f6ren ama ak\u0131ll\u0131 telefonu kullanmay\u0131 bilmedi\u011fi i\u00e7in foto\u011fraflayamayan day\u0131s\u0131 83 ya\u015f\u0131ndaki Mustafa Ali Avc\u0131lar\u2019a Ekosistemi Koruma ve Do\u011fa Sevenler Derne\u011fi (EKODOSD) taraf\u0131ndan birer \u00e7uval un hediye edildi.<br \/>\n<br \/>Y\u0131l\u0131n ilk leyle\u011fini g\u00f6r\u00fcp videosunu \u00e7eken Emine Tomruk, \u201cLeyle\u011fi day\u0131m g\u00f6rd\u00fcm dedi ama o \u00e7ekemedi ben \u00e7ektim, ondan \u00f6nce davrand\u0131m, iki de foto\u011fraf att\u0131m, ben g\u00f6rd\u00fc\u011f\u00fcm\u00fc kan\u0131tlad\u0131m. \u00c7ok mutluyum. 20 sene oldu buraya geleli. \u0130lk defa leyle\u011fi g\u00f6r\u00fcp \u00e7ekebildim. Nasip oldu, unu kazand\u0131k te\u015fekk\u00fcr ederiz, \u00e7ok sa\u011f olun\u201d diye konu\u015ftu.<br \/>\n<br \/>Ak\u0131ll\u0131 telefonu kullanmay\u0131 bilmedi\u011fi i\u00e7in leyle\u011fi g\u00f6rd\u00fc\u011f\u00fcn\u00fc kan\u0131tlayamayan day\u0131 Mustafa Ali Avc\u0131lar ise, \u201cBen leyle\u011fin kondu\u011funu g\u00f6rd\u00fcm. Telefonu kullanmas\u0131n\u0131 bilmedi\u011fim i\u00e7in \u00e7ekemedim. Ka\u00e7 seneden beri u\u011fra\u015f\u0131yorum, bu sene g\u00f6rd\u00fcm ama \u00e7ekemedim. Bu ak\u0131ll\u0131 telefonlardan anlam\u0131yorum ben 83 ya\u015f\u0131nday\u0131m. Leyle\u011fi \u00e7ok severim\u201d dedi.<br \/>\n<br \/>Ekosistemi Koruma ve Do\u011fa Sevenler Derne\u011fi Ba\u015fkan\u0131 Bahattin S\u00fcr\u00fcc\u00fc ise \u201cEKODOSD olarak Ayd\u0131n b\u00f6lgesinde leylek koruma \u00e7al\u0131\u015fmalar\u0131 ger\u00e7ekle\u015ftirmekteyiz. A\u015fa\u011f\u0131 B\u00fcy\u00fck Menderes Havzas\u0131n\u0131n 6 k\u00f6y\u00fcnde leyleklerin korunmas\u0131na destek olmak i\u00e7in k\u00f6ylerde leyle\u011fin geldi\u011fini ilk g\u00f6ren ki\u015fiye \u00fcyelerimiz taraf\u0131ndan bir \u00e7uval un ba\u011f\u0131\u015f\u0131 yap\u0131lmaktad\u0131r. Bunu geleneksel olarak her y\u0131l yapmaktay\u0131z. Bu y\u0131l ilk leylek Ocak ay\u0131n\u0131n 26\u2019s\u0131nda S\u00f6ke\u2019nin G\u00f6lbent k\u00f6y\u00fcne geldi ve yuvas\u0131n\u0131n tamiratlar\u0131na ba\u015flad\u0131. Burada da vatanda\u015flardan ikisi ayn\u0131 anda g\u00f6rm\u00fc\u015fler. Aralar\u0131nda k\u00fc\u00e7\u00fck bir tart\u0131\u015fma \u00e7\u0131km\u0131\u015f. Biz de \u00fcyelerimizin bilgisi dahilinde her ikisine de birer \u00e7uval un ba\u011f\u0131\u015f\u0131 yapt\u0131k. Amac\u0131m\u0131z leyleklerin korunmas\u0131na fark\u0131ndal\u0131k olu\u015fturmak, leyleklere daha \u00e7ok k\u00f6yl\u00fclerin sahip \u00e7\u0131kmalar\u0131n\u0131 sa\u011flamak. O y\u00fczden bu tip \u00e7al\u0131\u015fmalar g\u00fczel bir etkinlik oluyor. K\u00f6yl\u00fcler de bu \u00e7al\u0131\u015fmadan \u00e7ok memnun oluyor\u201d a\u00e7\u0131klamas\u0131nda bulundu.<br \/><\/p>\n","protected":false},"excerpt":{"rendered":"<p>Ayd\u0131n\u2019\u0131n S\u00f6ke il\u00e7esinde bahar\u0131n m\u00fcjdecisi olarak bilinen ilk leylek (Ciconia ciconia), G\u00f6lbent Mahallesi\u2019ne geldi. Leyle\u011fi g\u00f6r\u00fcp videosunu \u00e7eken Emine Tomruk ve yine leyle\u011fi g\u00f6ren ama ak\u0131ll\u0131 telefonu kullanmay\u0131 bilmedi\u011fi i\u00e7in foto\u011fraflayamayan day\u0131s\u0131 83 ya\u015f\u0131ndaki Mustafa Ali Avc\u0131lar\u2019a birer \u00e7uval un hediye edildi. \u00d6nceki y\u0131llarda \u015fubat ay\u0131n\u0131n sonunda veya martta gelen leylekler, son y\u0131llarda iklim de\u011fi\u015fikli\u011finin&#8230;<\/p>\n","protected":false},"author":1,"featured_media":13013,"comment_status":"open","ping_status":"open","sticky":false,"template":"","format":"standard","meta":{"_crdt_document":"","footnotes":""},"categories":[1],"tags":[],"class_list":["post-13012","post","type-post","status-publish","format-standard","has-post-thumbnail","hentry","category-guncel"],"_links":{"self":[{"href":"https:\/\/www.egemtv.com\/index.php?rest_route=\/wp\/v2\/posts\/13012","targetHints":{"allow":["GET"]}}],"collection":[{"href":"https:\/\/www.egemtv.com\/index.php?rest_route=\/wp\/v2\/posts"}],"about":[{"href":"https:\/\/www.egemtv.com\/index.php?rest_route=\/wp\/v2\/types\/post"}],"author":[{"embeddable":true,"href":"https:\/\/www.egemtv.com\/index.php?rest_route=\/wp\/v2\/users\/1"}],"replies":[{"embeddable":true,"href":"https:\/\/www.egemtv.com\/index.php?rest_route=%2Fwp%2Fv2%2Fcomments&post=13012"}],"version-history":[{"count":1,"href":"https:\/\/www.egemtv.com\/index.php?rest_route=\/wp\/v2\/posts\/13012\/revisions"}],"predecessor-version":[{"id":13014,"href":"https:\/\/www.egemtv.com\/index.php?rest_route=\/wp\/v2\/posts\/13012\/revisions\/13014"}],"wp:featuredmedia":[{"embeddable":true,"href":"https:\/\/www.egemtv.com\/index.php?rest_route=\/wp\/v2\/media\/13013"}],"wp:attachment":[{"href":"https:\/\/www.egemtv.com\/index.php?rest_route=%2Fwp%2Fv2%2Fmedia&parent=13012"}],"wp:term":[{"taxonomy":"category","embeddable":true,"href":"https:\/\/www.egemtv.com\/index.php?rest_route=%2Fwp%2Fv2%2Fcategories&post=13012"},{"taxonomy":"post_tag","embeddable":true,"href":"https:\/\/www.egemtv.com\/index.php?rest_route=%2Fwp%2Fv2%2Ftags&post=13012"}],"curies":[{"name":"wp","href":"https:\/\/api.w.org\/{rel}","templated":true}]}}