{"id":13006,"date":"2025-01-28T11:13:42","date_gmt":"2025-01-28T08:13:42","guid":{"rendered":"https:\/\/www.egemtv.com\/?p=13006"},"modified":"2025-01-28T11:13:44","modified_gmt":"2025-01-28T08:13:44","slug":"menemen-belediyesi-fizik-tedavide-ornek-oldu","status":"publish","type":"post","link":"https:\/\/www.egemtv.com\/?p=13006","title":{"rendered":"Menemen Belediyesi, fizik tedavide \u00f6rnek oldu"},"content":{"rendered":"<p>Menemen Belediyesi, il\u00e7ede fizik tedavi ihtiyac\u0131 olan 65 ya\u015f \u00fcst\u00fcndeki engelli ve yatalak vatanda\u015flar\u0131 yaln\u0131z b\u0131rakm\u0131yor. Menemen\u2019in uzman fizyoterapistleri, geride kalan 2024 y\u0131l\u0131nda tam 862 tedavi uygulayarak, hayati bir ihtiyaca cevap verdi.<br \/>\n<br \/>Menemen Belediyesinin evde sa\u011fl\u0131k hizmetinin en \u00f6nemli uygulamalar\u0131ndan biri fizik tedavi oldu. 2023 y\u0131l\u0131nda ba\u015flayan hizmet, 2024 y\u0131l\u0131nda da vatanda\u015flardan \u00e7ok ilgi g\u00f6rd\u00fc. Bu kapsamda fizyoterapist say\u0131s\u0131 ikiye \u00e7\u0131kar\u0131l\u0131rken, yard\u0131mc\u0131 ekip say\u0131s\u0131 da art\u0131r\u0131ld\u0131. 65 ya\u015f\u0131n\u0131n \u00fcst\u00fcnde engelli, yatalak ve hastaneden fizik tedavi alabilir raporu bulunan 30 hastaya y\u0131l boyunca toplamda 862 tedavi uyguland\u0131. B\u00f6ylece ya\u015f alarak Menemen\u2019in \u00e7\u0131nar\u0131 olmu\u015f ya\u015fl\u0131lar\u0131 sa\u011fl\u0131\u011f\u0131na \u00f6nemli bir katk\u0131da bulunuldu.<\/p>\n<p>&#8220;Di\u011fer il\u00e7elerde ya\u015fayanlar da talep ediyor&#8221;<br \/>\n<br \/>\u00d6zel sa\u011fl\u0131k merkezleri \u00fcst\u00fcnden sa\u011fland\u0131\u011f\u0131nda y\u00fckl\u00fc bir hizmet bedeline denk gelen evde fizik tedavi hizmetinin \u00fccretsiz olarak sunuluyor olmas\u0131, Menemenliler taraf\u0131ndan da \u00e7ok sevildi. \u00d6te yandan fizik tedavi hizmetinin yan\u0131nda sa\u00e7 sakal tra\u015f\u0131, temizlik gibi yan hizmetlerin de verildi\u011fi vatanda\u015flar, Menemen Belediyesinin yapt\u0131\u011f\u0131 bu uygulaman\u0131n, bir\u00e7ok kente \u00f6rnek oldu\u011funu, ba\u015fka il\u00e7elerde kendileriyle ayn\u0131 rahats\u0131zl\u0131\u011f\u0131 bulunan vatanda\u015flar\u0131n Menemen\u2019deki hizmeti, kendi il\u00e7elerine de istediklerini dile getirdi.<\/p>\n<p>&#8220;Ailemizin sa\u011fl\u0131\u011f\u0131na \u00f6zen g\u00f6steriyoruz&#8221;<br \/>\n<br \/>Evde fizik tedavi hizmetini de\u011ferlendiren Menemen Belediye Ba\u015fkan\u0131 Ayd\u0131n Pehlivan, &#8220;Menemen Belediyesi olarak 2023\u2019te \u00fccretsiz fizik tedavi hizmetini ba\u015flatt\u0131\u011f\u0131m\u0131zda ilginin bu kadar yo\u011fun olaca\u011f\u0131n\u0131 beklemiyorduk. Hem\u015fehrilerimizin buna ger\u00e7ekten ihtiyac\u0131 oldu\u011funu g\u00f6rd\u00fc\u011f\u00fcm\u00fczde kapasitemizi artt\u0131rma karar\u0131 ald\u0131k. 2024\u2019te tedavi say\u0131m\u0131z\u0131n bine yakla\u015fmas\u0131 \u00e7ok \u00f6nemli. \u00d6zenli, titiz ve dikkatli \u00e7al\u0131\u015fmalar\u0131ndan dolay\u0131 ekip arkada\u015flar\u0131m\u0131 kutluyorum. \u00d6zelde \u00e7ok y\u00fcksek bedeller tutan bu hizmeti, Menemenli hem\u015fehrilerimize \u00fccretsiz olarak sa\u011flamak bizim i\u00e7in \u00e7ok \u00f6nemli. Ailemizin bir ferdi gibi g\u00f6rd\u00fc\u011f\u00fcm\u00fcz, her biri de\u011ferli birer kom\u015fumuz olan hem\u015fehrilerimizin her zaman yan\u0131nday\u0131z\u201d diye konu\u015ftu.<br \/><\/p>\n","protected":false},"excerpt":{"rendered":"<p>Menemen Belediyesi, il\u00e7ede fizik tedavi ihtiyac\u0131 olan 65 ya\u015f \u00fcst\u00fcndeki engelli ve yatalak vatanda\u015flar\u0131 yaln\u0131z b\u0131rakm\u0131yor. Menemen\u2019in uzman fizyoterapistleri, geride kalan 2024 y\u0131l\u0131nda tam 862 tedavi uygulayarak, hayati bir ihtiyaca cevap verdi. Menemen Belediyesinin evde sa\u011fl\u0131k hizmetinin en \u00f6nemli uygulamalar\u0131ndan biri fizik tedavi oldu. 2023 y\u0131l\u0131nda ba\u015flayan hizmet, 2024 y\u0131l\u0131nda da vatanda\u015flardan \u00e7ok ilgi g\u00f6rd\u00fc&#8230;.<\/p>\n","protected":false},"author":1,"featured_media":13007,"comment_status":"open","ping_status":"open","sticky":false,"template":"","format":"standard","meta":{"_crdt_document":"","footnotes":""},"categories":[1],"tags":[],"class_list":["post-13006","post","type-post","status-publish","format-standard","has-post-thumbnail","hentry","category-guncel"],"_links":{"self":[{"href":"https:\/\/www.egemtv.com\/index.php?rest_route=\/wp\/v2\/posts\/13006","targetHints":{"allow":["GET"]}}],"collection":[{"href":"https:\/\/www.egemtv.com\/index.php?rest_route=\/wp\/v2\/posts"}],"about":[{"href":"https:\/\/www.egemtv.com\/index.php?rest_route=\/wp\/v2\/types\/post"}],"author":[{"embeddable":true,"href":"https:\/\/www.egemtv.com\/index.php?rest_route=\/wp\/v2\/users\/1"}],"replies":[{"embeddable":true,"href":"https:\/\/www.egemtv.com\/index.php?rest_route=%2Fwp%2Fv2%2Fcomments&post=13006"}],"version-history":[{"count":1,"href":"https:\/\/www.egemtv.com\/index.php?rest_route=\/wp\/v2\/posts\/13006\/revisions"}],"predecessor-version":[{"id":13008,"href":"https:\/\/www.egemtv.com\/index.php?rest_route=\/wp\/v2\/posts\/13006\/revisions\/13008"}],"wp:featuredmedia":[{"embeddable":true,"href":"https:\/\/www.egemtv.com\/index.php?rest_route=\/wp\/v2\/media\/13007"}],"wp:attachment":[{"href":"https:\/\/www.egemtv.com\/index.php?rest_route=%2Fwp%2Fv2%2Fmedia&parent=13006"}],"wp:term":[{"taxonomy":"category","embeddable":true,"href":"https:\/\/www.egemtv.com\/index.php?rest_route=%2Fwp%2Fv2%2Fcategories&post=13006"},{"taxonomy":"post_tag","embeddable":true,"href":"https:\/\/www.egemtv.com\/index.php?rest_route=%2Fwp%2Fv2%2Ftags&post=13006"}],"curies":[{"name":"wp","href":"https:\/\/api.w.org\/{rel}","templated":true}]}}