{"id":13003,"date":"2025-01-28T11:13:39","date_gmt":"2025-01-28T08:13:39","guid":{"rendered":"https:\/\/www.egemtv.com\/?p=13003"},"modified":"2025-01-28T11:13:42","modified_gmt":"2025-01-28T08:13:42","slug":"kural-tanimaz-suruculer-kazalara-davetiye-cikartiyor","status":"publish","type":"post","link":"https:\/\/www.egemtv.com\/?p=13003","title":{"rendered":"Kural tan\u0131maz s\u00fcr\u00fcc\u00fcler kazalara davetiye \u00e7\u0131kart\u0131yor"},"content":{"rendered":"<p>Ayd\u0131n\u2019\u0131n Efeler il\u00e7esinde kural tan\u0131maz s\u00fcr\u00fcc\u00fcler trafikteki di\u011fer s\u00fcr\u00fcc\u00fclere zor anlar ya\u015fat\u0131rken, \u00f6zellikle ambulanslar\u0131n s\u0131k\u00e7a kulland\u0131\u011f\u0131 cadde \u00fczerindeki kav\u015fa\u011fa park eden ara\u00e7lar kazalara da davetiye \u00e7\u0131kar\u0131yor.<\/p>\n<p>Her ge\u00e7en g\u00fcn ara\u00e7 say\u0131s\u0131n\u0131n artt\u0131\u011f\u0131 Ayd\u0131n\u2019da, hatal\u0131 park eden s\u00fcr\u00fcc\u00fcler ciddi trafik engelleri olu\u015fturuyor. \u00d6zellikle yo\u011fun saatlerde, Ayd\u0131n Devlet Hastanesi\u2019ne ula\u015f\u0131m sa\u011flayan ambulanslar, Hasan Efendi Mahallesi\u2019nde bulunan Efeler \u0130l\u00e7e Sa\u011fl\u0131k M\u00fcd\u00fcrl\u00fc\u011f\u00fc \u00f6n\u00fcndeki kav\u015fa\u011fa park edilen ara\u00e7lar y\u00fcz\u00fcnden b\u00fcy\u00fck zorluklarla kar\u015f\u0131la\u015f\u0131yor. B\u00f6lgedeki trafik, \u00f6zellikle okul d\u00f6nemlerinde daha da karma\u015f\u0131k hale geliyor. Cumhuriyet \u0130lkokulu\u2019nun giri\u015f-\u00e7\u0131k\u0131\u015f saatlerinde kav\u015fakta ya\u015fanan yo\u011funluk, s\u0131k\u00e7a ara\u00e7lar\u0131n ilerlemesini neredeyse imkans\u0131z hale getiriyor. Ya\u015fanan bu olumsuz durum, her g\u00fcn binlerce arac\u0131n kulland\u0131\u011f\u0131 yol \u00fczerinde s\u0131k\u0131\u015f\u0131kl\u0131k ve trafik kazalar\u0131 riskini art\u0131r\u0131yor.<\/p>\n<p>B\u00f6lge esnaf\u0131 kav\u015fa\u011fa park edilen ara\u00e7lar\u0131n olu\u015fturdu\u011fu s\u0131k\u0131\u015f\u0131kl\u0131\u011fa tepki g\u00f6stererek, &#8220;Buras\u0131 hem yaya hem de ara\u00e7lar\u0131n yo\u011fun olarak kulland\u0131\u011f\u0131 bir cadde. Zaten yo\u011fun olan bir b\u00f6lgede, kav\u015fa\u011fa park edilen ara\u00e7lar nedeniyle trafik \u00e7ok s\u0131k\u0131\u015f\u0131yor. \u00d6zellikle okul saatlerinde bu s\u0131k\u0131\u015f\u0131kl\u0131k daha da art\u0131yor. Burada bir ambulans istasyonu da var. Hem buradan \u00e7\u0131kan ambulanslar hem de Ayd\u0131n Devlet Hastanesi\u2019ne giden ambulanslar\u0131n \u015fof\u00f6rleri b\u00fcy\u00fck zorluk ya\u015f\u0131yorlar. S\u0131k\u00e7a trafik polisi ekipleri buralar\u0131 kontrol ederek gere\u011fini yapsa da ara\u00e7lar\u0131n biri gidip di\u011feri geliyor&#8221; diye konu\u015farak sorunun g\u00fcn ge\u00e7tik\u00e7e daha da ileri boyutlara ta\u015f\u0131nd\u0131\u011f\u0131n\u0131 belirtti. Esnaflar, yetkililerden bu soruna \u00e7\u00f6z\u00fcm getirilmesi ve kav\u015fa\u011fa park edilmemesi i\u00e7in denetimlerin art\u0131r\u0131lmas\u0131 talep ediliyor.<br \/><\/p>\n","protected":false},"excerpt":{"rendered":"<p>Ayd\u0131n\u2019\u0131n Efeler il\u00e7esinde kural tan\u0131maz s\u00fcr\u00fcc\u00fcler trafikteki di\u011fer s\u00fcr\u00fcc\u00fclere zor anlar ya\u015fat\u0131rken, \u00f6zellikle ambulanslar\u0131n s\u0131k\u00e7a kulland\u0131\u011f\u0131 cadde \u00fczerindeki kav\u015fa\u011fa park eden ara\u00e7lar kazalara da davetiye \u00e7\u0131kar\u0131yor. Her ge\u00e7en g\u00fcn ara\u00e7 say\u0131s\u0131n\u0131n artt\u0131\u011f\u0131 Ayd\u0131n\u2019da, hatal\u0131 park eden s\u00fcr\u00fcc\u00fcler ciddi trafik engelleri olu\u015fturuyor. \u00d6zellikle yo\u011fun saatlerde, Ayd\u0131n Devlet Hastanesi\u2019ne ula\u015f\u0131m sa\u011flayan ambulanslar, Hasan Efendi Mahallesi\u2019nde bulunan Efeler&#8230;<\/p>\n","protected":false},"author":1,"featured_media":13004,"comment_status":"open","ping_status":"open","sticky":false,"template":"","format":"standard","meta":{"_crdt_document":"","footnotes":""},"categories":[1],"tags":[],"class_list":["post-13003","post","type-post","status-publish","format-standard","has-post-thumbnail","hentry","category-guncel"],"_links":{"self":[{"href":"https:\/\/www.egemtv.com\/index.php?rest_route=\/wp\/v2\/posts\/13003","targetHints":{"allow":["GET"]}}],"collection":[{"href":"https:\/\/www.egemtv.com\/index.php?rest_route=\/wp\/v2\/posts"}],"about":[{"href":"https:\/\/www.egemtv.com\/index.php?rest_route=\/wp\/v2\/types\/post"}],"author":[{"embeddable":true,"href":"https:\/\/www.egemtv.com\/index.php?rest_route=\/wp\/v2\/users\/1"}],"replies":[{"embeddable":true,"href":"https:\/\/www.egemtv.com\/index.php?rest_route=%2Fwp%2Fv2%2Fcomments&post=13003"}],"version-history":[{"count":1,"href":"https:\/\/www.egemtv.com\/index.php?rest_route=\/wp\/v2\/posts\/13003\/revisions"}],"predecessor-version":[{"id":13005,"href":"https:\/\/www.egemtv.com\/index.php?rest_route=\/wp\/v2\/posts\/13003\/revisions\/13005"}],"wp:featuredmedia":[{"embeddable":true,"href":"https:\/\/www.egemtv.com\/index.php?rest_route=\/wp\/v2\/media\/13004"}],"wp:attachment":[{"href":"https:\/\/www.egemtv.com\/index.php?rest_route=%2Fwp%2Fv2%2Fmedia&parent=13003"}],"wp:term":[{"taxonomy":"category","embeddable":true,"href":"https:\/\/www.egemtv.com\/index.php?rest_route=%2Fwp%2Fv2%2Fcategories&post=13003"},{"taxonomy":"post_tag","embeddable":true,"href":"https:\/\/www.egemtv.com\/index.php?rest_route=%2Fwp%2Fv2%2Ftags&post=13003"}],"curies":[{"name":"wp","href":"https:\/\/api.w.org\/{rel}","templated":true}]}}