{"id":13000,"date":"2025-01-28T11:09:13","date_gmt":"2025-01-28T08:09:13","guid":{"rendered":"https:\/\/www.egemtv.com\/?p=13000"},"modified":"2025-01-28T11:09:15","modified_gmt":"2025-01-28T08:09:15","slug":"bayrakli-belediyesinden-mahremiyet-egitimi","status":"publish","type":"post","link":"https:\/\/www.egemtv.com\/?p=13000","title":{"rendered":"Bayrakl\u0131 Belediyesinden mahremiyet e\u011fitimi"},"content":{"rendered":"<p>Bayrakl\u0131 Belediyesi Sosyal Yard\u0131m \u0130\u015fleri M\u00fcd\u00fcrl\u00fc\u011f\u00fc, toplumun her kesimine y\u00f6nelik s\u00fcrd\u00fcr\u00fclen \u00e7al\u0131\u015fmalar kapsam\u0131nda \u00e7ocuklara mahremiyet e\u011fitimi verdi. Ege \u00dcniversitesi Psikoloji B\u00f6l\u00fcm\u00fc i\u015f birli\u011fiyle haz\u0131rlanan \u201cMika ile Kendimi Korumay\u0131 \u00d6\u011freniyorum\u201d adl\u0131 e\u011fitim program\u0131na 4-8 ya\u015f aras\u0131ndaki \u00e7ocuklar kat\u0131ld\u0131.<br \/>\n<br \/>Bayrakl\u0131 Belediyesi Sosyal Yard\u0131m \u0130\u015fleri M\u00fcd\u00fcrl\u00fc\u011f\u00fc taraf\u0131ndan Ege \u00dcniversitesi Psikoloji B\u00f6l\u00fcm\u00fc i\u015f birli\u011fiyle hayata ge\u00e7irilen \u201cMika ile Kendimi Korumay\u0131 \u00d6\u011freniyorum\u201d e\u011fitim program\u0131nda \u00e7ocuklara; v\u00fccudun mahremiyeti, iyi ve k\u00f6t\u00fc dokunu\u015flar\u0131n ayr\u0131m\u0131, duygular\u0131 tan\u0131ma ve ifade etme becerileri interaktif oyunlar ve drama etkinlikleriyle anlat\u0131ld\u0131. Postac\u0131lar Mahallesi Hasan Tahsin K\u00fclt\u00fcr Merkezi\u2019nde ger\u00e7ekle\u015ftirilen e\u011fitimlerde \u00e7ocuklar, kendilerini koruma konusunda fark\u0131ndal\u0131k kazanarak, bilgi ve \u00f6zg\u00fcvenlerini geli\u015ftirme f\u0131rsat\u0131 buldu. Be\u015f hafta s\u00fcren e\u011fitimi tamamlayan \u00e7ocuklara kat\u0131l\u0131m belgeleri, Bayrakl\u0131 Belediye Ba\u015fkan Yard\u0131mc\u0131s\u0131 Zeki Y\u0131ld\u0131r\u0131m taraf\u0131ndan takdim edildi. Yeni e\u011fitim program\u0131na kat\u0131lmak ve detayl\u0131 bilgi i\u00e7in 477 20 00 numaral\u0131 telefondan dahili 3065 tu\u015flanarak bilgi al\u0131nabilecek.<br \/>\n<br \/>Bayrakl\u0131 Belediye Ba\u015fkan\u0131 \u0130rfan \u00d6nal, \u201c\u00c7ocuklar\u0131m\u0131z\u0131n g\u00fcvenli\u011fi ve bilin\u00e7li bireyler olarak yeti\u015fmesi bizim i\u00e7in her \u015feyden daha \u00f6nemli. \u2018Mika ile Kendimi Koruyorum\u2019 projesi, bu do\u011frultuda att\u0131\u011f\u0131m\u0131z ad\u0131mlardan biri. \u00c7ocuklar\u0131m\u0131z\u0131n bu e\u011fitimle kendilerini koruma becerilerini geli\u015ftirdi\u011fini ve \u00f6zg\u00fcven kazand\u0131klar\u0131n\u0131 g\u00f6rmek bizleri mutlu ediyor. Onlar\u0131n her zaman yan\u0131nday\u0131z ve g\u00fcvenli bir gelecek in\u015fa etmek i\u00e7in bu t\u00fcr e\u011fitimleri art\u0131rarak s\u00fcrd\u00fcrece\u011fiz. \u00c7ocuklar\u0131m\u0131z\u0131n hayatlar\u0131na katk\u0131 sunmaktan mutluluk duyuyoruz\u201d dedi.<br \/><\/p>\n","protected":false},"excerpt":{"rendered":"<p>Bayrakl\u0131 Belediyesi Sosyal Yard\u0131m \u0130\u015fleri M\u00fcd\u00fcrl\u00fc\u011f\u00fc, toplumun her kesimine y\u00f6nelik s\u00fcrd\u00fcr\u00fclen \u00e7al\u0131\u015fmalar kapsam\u0131nda \u00e7ocuklara mahremiyet e\u011fitimi verdi. Ege \u00dcniversitesi Psikoloji B\u00f6l\u00fcm\u00fc i\u015f birli\u011fiyle haz\u0131rlanan \u201cMika ile Kendimi Korumay\u0131 \u00d6\u011freniyorum\u201d adl\u0131 e\u011fitim program\u0131na 4-8 ya\u015f aras\u0131ndaki \u00e7ocuklar kat\u0131ld\u0131. Bayrakl\u0131 Belediyesi Sosyal Yard\u0131m \u0130\u015fleri M\u00fcd\u00fcrl\u00fc\u011f\u00fc taraf\u0131ndan Ege \u00dcniversitesi Psikoloji B\u00f6l\u00fcm\u00fc i\u015f birli\u011fiyle hayata ge\u00e7irilen \u201cMika ile Kendimi&#8230;<\/p>\n","protected":false},"author":1,"featured_media":13001,"comment_status":"open","ping_status":"open","sticky":false,"template":"","format":"standard","meta":{"_crdt_document":"","footnotes":""},"categories":[1],"tags":[],"class_list":["post-13000","post","type-post","status-publish","format-standard","has-post-thumbnail","hentry","category-guncel"],"_links":{"self":[{"href":"https:\/\/www.egemtv.com\/index.php?rest_route=\/wp\/v2\/posts\/13000","targetHints":{"allow":["GET"]}}],"collection":[{"href":"https:\/\/www.egemtv.com\/index.php?rest_route=\/wp\/v2\/posts"}],"about":[{"href":"https:\/\/www.egemtv.com\/index.php?rest_route=\/wp\/v2\/types\/post"}],"author":[{"embeddable":true,"href":"https:\/\/www.egemtv.com\/index.php?rest_route=\/wp\/v2\/users\/1"}],"replies":[{"embeddable":true,"href":"https:\/\/www.egemtv.com\/index.php?rest_route=%2Fwp%2Fv2%2Fcomments&post=13000"}],"version-history":[{"count":1,"href":"https:\/\/www.egemtv.com\/index.php?rest_route=\/wp\/v2\/posts\/13000\/revisions"}],"predecessor-version":[{"id":13002,"href":"https:\/\/www.egemtv.com\/index.php?rest_route=\/wp\/v2\/posts\/13000\/revisions\/13002"}],"wp:featuredmedia":[{"embeddable":true,"href":"https:\/\/www.egemtv.com\/index.php?rest_route=\/wp\/v2\/media\/13001"}],"wp:attachment":[{"href":"https:\/\/www.egemtv.com\/index.php?rest_route=%2Fwp%2Fv2%2Fmedia&parent=13000"}],"wp:term":[{"taxonomy":"category","embeddable":true,"href":"https:\/\/www.egemtv.com\/index.php?rest_route=%2Fwp%2Fv2%2Fcategories&post=13000"},{"taxonomy":"post_tag","embeddable":true,"href":"https:\/\/www.egemtv.com\/index.php?rest_route=%2Fwp%2Fv2%2Ftags&post=13000"}],"curies":[{"name":"wp","href":"https:\/\/api.w.org\/{rel}","templated":true}]}}