{"id":12997,"date":"2025-01-28T11:09:11","date_gmt":"2025-01-28T08:09:11","guid":{"rendered":"https:\/\/www.egemtv.com\/?p=12997"},"modified":"2025-01-28T11:09:13","modified_gmt":"2025-01-28T08:09:13","slug":"kutahya-il-tarim-ve-orman-mudurlugunde-devir-teslim","status":"publish","type":"post","link":"https:\/\/www.egemtv.com\/?p=12997","title":{"rendered":"K\u00fctahya \u0130l Tar\u0131m ve Orman M\u00fcd\u00fcrl\u00fc\u011f\u00fcnde devir teslim"},"content":{"rendered":"<p>K\u00fctahya \u0130l Tar\u0131m ve Orman M\u00fcd\u00fcrl\u00fc\u011f\u00fcne atanan yeni Ertan Kele\u015f, g\u00f6revi eski m\u00fcd\u00fcr Emre Yeniay\u2019dan devrald\u0131.<br \/>\n<br \/>K\u00fctahya \u0130l Tar\u0131m ve Orman M\u00fcd\u00fcrl\u00fc\u011f\u00fc g\u00f6revine atanan U\u015fak \u00d6zel \u0130dare Genel Sekreteri Ertan Kele\u015f, \u0130l Tar\u0131m ve Orman M\u00fcd\u00fcrl\u00fc\u011f\u00fcnde d\u00fczenlenen t\u00f6renle g\u00f6revi Bakanl\u0131k Daire Ba\u015fkanl\u0131\u011f\u0131na atanan eski m\u00fcd\u00fcr Emre Yeniay\u2019dan devrald\u0131.<br \/>\n<br \/>T\u00f6rende M\u00fcd\u00fcr Ertan Kele\u015f, Emre Yeniay\u2019a, K\u00fctahya\u2019ya yapt\u0131\u011f\u0131 hizmetlerden dolay\u0131 te\u015fekk\u00fcr etti. Emre Yeniay, Kele\u015f\u2019e yeni g\u00f6revinde ba\u015far\u0131lar diledi.<br \/><\/p>\n","protected":false},"excerpt":{"rendered":"<p>K\u00fctahya \u0130l Tar\u0131m ve Orman M\u00fcd\u00fcrl\u00fc\u011f\u00fcne atanan yeni Ertan Kele\u015f, g\u00f6revi eski m\u00fcd\u00fcr Emre Yeniay\u2019dan devrald\u0131. K\u00fctahya \u0130l Tar\u0131m ve Orman M\u00fcd\u00fcrl\u00fc\u011f\u00fc g\u00f6revine atanan U\u015fak \u00d6zel \u0130dare Genel Sekreteri Ertan Kele\u015f, \u0130l Tar\u0131m ve Orman M\u00fcd\u00fcrl\u00fc\u011f\u00fcnde d\u00fczenlenen t\u00f6renle g\u00f6revi Bakanl\u0131k Daire Ba\u015fkanl\u0131\u011f\u0131na atanan eski m\u00fcd\u00fcr Emre Yeniay\u2019dan devrald\u0131. T\u00f6rende M\u00fcd\u00fcr Ertan Kele\u015f, Emre Yeniay\u2019a, K\u00fctahya\u2019ya&#8230;<\/p>\n","protected":false},"author":1,"featured_media":12998,"comment_status":"open","ping_status":"open","sticky":false,"template":"","format":"standard","meta":{"_crdt_document":"","footnotes":""},"categories":[123],"tags":[],"class_list":["post-12997","post","type-post","status-publish","format-standard","has-post-thumbnail","hentry","category-gundem"],"_links":{"self":[{"href":"https:\/\/www.egemtv.com\/index.php?rest_route=\/wp\/v2\/posts\/12997","targetHints":{"allow":["GET"]}}],"collection":[{"href":"https:\/\/www.egemtv.com\/index.php?rest_route=\/wp\/v2\/posts"}],"about":[{"href":"https:\/\/www.egemtv.com\/index.php?rest_route=\/wp\/v2\/types\/post"}],"author":[{"embeddable":true,"href":"https:\/\/www.egemtv.com\/index.php?rest_route=\/wp\/v2\/users\/1"}],"replies":[{"embeddable":true,"href":"https:\/\/www.egemtv.com\/index.php?rest_route=%2Fwp%2Fv2%2Fcomments&post=12997"}],"version-history":[{"count":1,"href":"https:\/\/www.egemtv.com\/index.php?rest_route=\/wp\/v2\/posts\/12997\/revisions"}],"predecessor-version":[{"id":12999,"href":"https:\/\/www.egemtv.com\/index.php?rest_route=\/wp\/v2\/posts\/12997\/revisions\/12999"}],"wp:featuredmedia":[{"embeddable":true,"href":"https:\/\/www.egemtv.com\/index.php?rest_route=\/wp\/v2\/media\/12998"}],"wp:attachment":[{"href":"https:\/\/www.egemtv.com\/index.php?rest_route=%2Fwp%2Fv2%2Fmedia&parent=12997"}],"wp:term":[{"taxonomy":"category","embeddable":true,"href":"https:\/\/www.egemtv.com\/index.php?rest_route=%2Fwp%2Fv2%2Fcategories&post=12997"},{"taxonomy":"post_tag","embeddable":true,"href":"https:\/\/www.egemtv.com\/index.php?rest_route=%2Fwp%2Fv2%2Ftags&post=12997"}],"curies":[{"name":"wp","href":"https:\/\/api.w.org\/{rel}","templated":true}]}}