{"id":12994,"date":"2025-01-28T11:06:12","date_gmt":"2025-01-28T08:06:12","guid":{"rendered":"https:\/\/www.egemtv.com\/?p=12994"},"modified":"2025-01-28T11:06:14","modified_gmt":"2025-01-28T08:06:14","slug":"turk-kizilaydan-hayat-kurtaran-kahramanlar-projesi","status":"publish","type":"post","link":"https:\/\/www.egemtv.com\/?p=12994","title":{"rendered":"T\u00fcrk K\u0131z\u0131lay\u2019dan \u201cHayat Kurtaran Kahramanlar\u201d projesi"},"content":{"rendered":"<p>T\u00fcrk K\u0131z\u0131lay \u0130zmir \u0130lk Yard\u0131m E\u011fitim Merkezi taraf\u0131ndan sosyal sorumluluk projesi \u00e7er\u00e7evesinde, \u0130zmir\u2019deki g\u0131da firmalar\u0131 \u00e7al\u0131\u015fanlar\u0131na ba\u015fta heimlich manevras\u0131 olmak \u00fczere ilk yard\u0131m bilgileri verildi.<br \/>\n<br \/>T\u00fcrk K\u0131z\u0131lay \u0130zmir \u0130lk Yard\u0131m E\u011fitim Merkezi taraf\u0131ndan \u2018Hayat Kurtaran Kahramanlar\u201d adl\u0131 sosyal sorumluluk projesi hayata ge\u00e7irildi. T\u00fcrk K\u0131z\u0131lay \u0130zmir \u0130l Merkezi destekleriyle ger\u00e7ekle\u015ftirilen projede, \u0130lk Yard\u0131m E\u011fitim Merkezi personelleri \u0130zmir\u2019de faaliyet g\u00f6steren g\u0131da firmalar\u0131nda \u00e7al\u0131\u015fan \u00f6zellikle servis elemanlar\u0131na ba\u015fta heimlich manevras\u0131 olmak \u00fczere ilkyard\u0131m bilgileri veriyor.<br \/>\n<br \/>T\u00fcrk K\u0131z\u0131lay \u0130zmir \u0130lk Yard\u0131m E\u011fitim Merkezi Mesul M\u00fcd\u00fcr\u00fc Arzu Kara taraf\u0131ndan verilen e\u011fitimde, yeti\u015fkinlerde, \u00e7ocuklarda, bebeklerde bilin\u00e7 bozukluklar\u0131, yabanc\u0131 cisim t\u0131kanmalar\u0131 (heimlich manevras\u0131) konular\u0131 anlat\u0131l\u0131yor. \u201cEller hayat kurtar\u0131r&#8221; slogan\u0131yla verilen e\u011fitimde, ilk yard\u0131m\u0131n \u00f6nemi ve kriz an\u0131nda panik y\u00f6netimini anlatan e\u011fitimciler, uygulamal\u0131 olarak heimlich manevras\u0131n\u0131 uygulamal\u0131 olarak g\u00f6steriliyor.<br \/>\n<br \/>Projeyle ilgili a\u00e7\u0131klama yapan Kara, \u201cE\u011fitimle firma \u00e7al\u0131\u015fanlar\u0131, ki\u015filere nas\u0131l m\u00fcdahale edebileceklerini bilsinler istedik. Amac\u0131m\u0131z, \u00f6zellikle Heimlich manevras\u0131n\u0131 herkese g\u00f6sterip, o anda ne yapabileceklerini \u00f6\u011fretmektir. Program kapsam\u0131nda ildeki t\u00fcm firmalara ula\u015fmay\u0131 hedefliyoruz&#8221; dedi.<br \/><\/p>\n","protected":false},"excerpt":{"rendered":"<p>T\u00fcrk K\u0131z\u0131lay \u0130zmir \u0130lk Yard\u0131m E\u011fitim Merkezi taraf\u0131ndan sosyal sorumluluk projesi \u00e7er\u00e7evesinde, \u0130zmir\u2019deki g\u0131da firmalar\u0131 \u00e7al\u0131\u015fanlar\u0131na ba\u015fta heimlich manevras\u0131 olmak \u00fczere ilk yard\u0131m bilgileri verildi. T\u00fcrk K\u0131z\u0131lay \u0130zmir \u0130lk Yard\u0131m E\u011fitim Merkezi taraf\u0131ndan \u2018Hayat Kurtaran Kahramanlar\u201d adl\u0131 sosyal sorumluluk projesi hayata ge\u00e7irildi. T\u00fcrk K\u0131z\u0131lay \u0130zmir \u0130l Merkezi destekleriyle ger\u00e7ekle\u015ftirilen projede, \u0130lk Yard\u0131m E\u011fitim Merkezi personelleri&#8230;<\/p>\n","protected":false},"author":1,"featured_media":12995,"comment_status":"open","ping_status":"open","sticky":false,"template":"","format":"standard","meta":{"_crdt_document":"","footnotes":""},"categories":[2],"tags":[],"class_list":["post-12994","post","type-post","status-publish","format-standard","has-post-thumbnail","hentry","category-saglik"],"_links":{"self":[{"href":"https:\/\/www.egemtv.com\/index.php?rest_route=\/wp\/v2\/posts\/12994","targetHints":{"allow":["GET"]}}],"collection":[{"href":"https:\/\/www.egemtv.com\/index.php?rest_route=\/wp\/v2\/posts"}],"about":[{"href":"https:\/\/www.egemtv.com\/index.php?rest_route=\/wp\/v2\/types\/post"}],"author":[{"embeddable":true,"href":"https:\/\/www.egemtv.com\/index.php?rest_route=\/wp\/v2\/users\/1"}],"replies":[{"embeddable":true,"href":"https:\/\/www.egemtv.com\/index.php?rest_route=%2Fwp%2Fv2%2Fcomments&post=12994"}],"version-history":[{"count":1,"href":"https:\/\/www.egemtv.com\/index.php?rest_route=\/wp\/v2\/posts\/12994\/revisions"}],"predecessor-version":[{"id":12996,"href":"https:\/\/www.egemtv.com\/index.php?rest_route=\/wp\/v2\/posts\/12994\/revisions\/12996"}],"wp:featuredmedia":[{"embeddable":true,"href":"https:\/\/www.egemtv.com\/index.php?rest_route=\/wp\/v2\/media\/12995"}],"wp:attachment":[{"href":"https:\/\/www.egemtv.com\/index.php?rest_route=%2Fwp%2Fv2%2Fmedia&parent=12994"}],"wp:term":[{"taxonomy":"category","embeddable":true,"href":"https:\/\/www.egemtv.com\/index.php?rest_route=%2Fwp%2Fv2%2Fcategories&post=12994"},{"taxonomy":"post_tag","embeddable":true,"href":"https:\/\/www.egemtv.com\/index.php?rest_route=%2Fwp%2Fv2%2Ftags&post=12994"}],"curies":[{"name":"wp","href":"https:\/\/api.w.org\/{rel}","templated":true}]}}