{"id":12991,"date":"2025-01-28T11:06:10","date_gmt":"2025-01-28T08:06:10","guid":{"rendered":"https:\/\/www.egemtv.com\/?p=12991"},"modified":"2025-01-28T11:06:12","modified_gmt":"2025-01-28T08:06:12","slug":"aydinli-yagmur-turkiye-3uncusu-oldu","status":"publish","type":"post","link":"https:\/\/www.egemtv.com\/?p=12991","title":{"rendered":"Ayd\u0131nl\u0131 Ya\u011fmur, T\u00fcrkiye 3\u2019\u00fcnc\u00fcs\u00fc oldu"},"content":{"rendered":"<p>Kocaeli\u2019nin ev sahipli\u011finde ger\u00e7ekle\u015ftirilen B\u00fcy\u00fck Kad\u0131nlar T\u00fcrkiye Ferdi Boks \u015eampiyonas\u0131\u2019nda performans\u0131yla dikkat \u00e7eken Ayd\u0131nl\u0131 sporcu Ya\u011fmur Turhal, T\u00fcrkiye 3.\u2019s\u00fc oldu.<\/p>\n<p>B\u00fcy\u00fck Kad\u0131nlar T\u00fcrkiye Ferdi Boks \u015eampiyonas\u0131, Kocaeli\u2019nin Dar\u0131ca il\u00e7esinin ev sahipli\u011finde ger\u00e7ekle\u015ftirildi. \u015eampiyonaya \u00fclke genelinden \u00e7ok say\u0131da sporcu kat\u0131l\u0131rken Ayd\u0131n\u2019\u0131 temsil eden Ya\u011fmur Turhal, performans\u0131yla dikkat \u00e7ekti. K\u0131yas\u0131ya m\u00fccadelelere sahne olan m\u00fcsabakalar sonunda Ayd\u0131nl\u0131 sporcu Ya\u011fmur Turhal  81 Kiloda, B\u00fcy\u00fck Kad\u0131nlar T\u00fcrkiye 3.\u2019s\u00fc oldu. Bronz madalya ile \u015fampiyonay\u0131 tamamlayan ba\u015far\u0131l\u0131 sporcu, \u015fampiyonada sergiledi\u011fi m\u00fccadele \u00f6rne\u011fi ile Ayd\u0131n\u2019\u0131 gururland\u0131rd\u0131.<\/p>\n<p>\u00d6\u011frencisini tebrik eden Antren\u00f6r\u00fc Yavuz K\u0131l\u0131\u00e7 ise her \u015fampiyonada Ayd\u0131n\u2019\u0131 ba\u015far\u0131l\u0131 bir \u015fekilde temsil etmeye \u00e7al\u0131\u015ft\u0131klar\u0131n\u0131 belirterek, \u201c20-26 Ocak 2025 tarihleri aras\u0131nda Dar\u0131ca\u2019da d\u00fczenlenen B\u00fcy\u00fck Kad\u0131nlar T\u00fcrkiye Ferdi Boks \u015eampiyonas\u0131na ilimizi temsilen kat\u0131ld\u0131k ve \u015fampiyonay\u0131 bir bronz madalya ile tamamlad\u0131k. 81 Kiloda Ya\u011fmur Turhal B\u00fcy\u00fck Kad\u0131nlar T\u00fcrkiye 3.\u2019s\u00fc olmu\u015ftur. Bize desteklerinden \u00f6t\u00fcr\u00fc ba\u015fta Ayd\u0131n Gen\u00e7lik ve Spor il M\u00fcd\u00fcrl\u00fc\u011f\u00fcm\u00fcze ve her t\u00fcrl\u00fc imkan ve deste\u011fini bizden eksik etmeyen \u0130l M\u00fcd\u00fcr\u00fcm\u00fcz Cenap Fillik\u00e7io\u011flu olmak \u00fczere bizlere inan\u0131p dualar\u0131n\u0131 esirgemeyen ve eme\u011fi ge\u00e7en herkese te\u015fekk\u00fcr\u00fc bir bor\u00e7 bilirim\u201d dedi.<br \/><\/p>\n","protected":false},"excerpt":{"rendered":"<p>Kocaeli\u2019nin ev sahipli\u011finde ger\u00e7ekle\u015ftirilen B\u00fcy\u00fck Kad\u0131nlar T\u00fcrkiye Ferdi Boks \u015eampiyonas\u0131\u2019nda performans\u0131yla dikkat \u00e7eken Ayd\u0131nl\u0131 sporcu Ya\u011fmur Turhal, T\u00fcrkiye 3.\u2019s\u00fc oldu. B\u00fcy\u00fck Kad\u0131nlar T\u00fcrkiye Ferdi Boks \u015eampiyonas\u0131, Kocaeli\u2019nin Dar\u0131ca il\u00e7esinin ev sahipli\u011finde ger\u00e7ekle\u015ftirildi. \u015eampiyonaya \u00fclke genelinden \u00e7ok say\u0131da sporcu kat\u0131l\u0131rken Ayd\u0131n\u2019\u0131 temsil eden Ya\u011fmur Turhal, performans\u0131yla dikkat \u00e7ekti. K\u0131yas\u0131ya m\u00fccadelelere sahne olan m\u00fcsabakalar sonunda Ayd\u0131nl\u0131 sporcu&#8230;<\/p>\n","protected":false},"author":1,"featured_media":12992,"comment_status":"open","ping_status":"open","sticky":false,"template":"","format":"standard","meta":{"_crdt_document":"","footnotes":""},"categories":[4],"tags":[],"class_list":["post-12991","post","type-post","status-publish","format-standard","has-post-thumbnail","hentry","category-spor"],"_links":{"self":[{"href":"https:\/\/www.egemtv.com\/index.php?rest_route=\/wp\/v2\/posts\/12991","targetHints":{"allow":["GET"]}}],"collection":[{"href":"https:\/\/www.egemtv.com\/index.php?rest_route=\/wp\/v2\/posts"}],"about":[{"href":"https:\/\/www.egemtv.com\/index.php?rest_route=\/wp\/v2\/types\/post"}],"author":[{"embeddable":true,"href":"https:\/\/www.egemtv.com\/index.php?rest_route=\/wp\/v2\/users\/1"}],"replies":[{"embeddable":true,"href":"https:\/\/www.egemtv.com\/index.php?rest_route=%2Fwp%2Fv2%2Fcomments&post=12991"}],"version-history":[{"count":1,"href":"https:\/\/www.egemtv.com\/index.php?rest_route=\/wp\/v2\/posts\/12991\/revisions"}],"predecessor-version":[{"id":12993,"href":"https:\/\/www.egemtv.com\/index.php?rest_route=\/wp\/v2\/posts\/12991\/revisions\/12993"}],"wp:featuredmedia":[{"embeddable":true,"href":"https:\/\/www.egemtv.com\/index.php?rest_route=\/wp\/v2\/media\/12992"}],"wp:attachment":[{"href":"https:\/\/www.egemtv.com\/index.php?rest_route=%2Fwp%2Fv2%2Fmedia&parent=12991"}],"wp:term":[{"taxonomy":"category","embeddable":true,"href":"https:\/\/www.egemtv.com\/index.php?rest_route=%2Fwp%2Fv2%2Fcategories&post=12991"},{"taxonomy":"post_tag","embeddable":true,"href":"https:\/\/www.egemtv.com\/index.php?rest_route=%2Fwp%2Fv2%2Ftags&post=12991"}],"curies":[{"name":"wp","href":"https:\/\/api.w.org\/{rel}","templated":true}]}}