{"id":12988,"date":"2025-01-28T10:49:06","date_gmt":"2025-01-28T07:49:06","guid":{"rendered":"https:\/\/www.egemtv.com\/?p=12988"},"modified":"2025-01-28T10:49:08","modified_gmt":"2025-01-28T07:49:08","slug":"manisada-yesil-yol-uygulamasi-trafigi-rahatlatti","status":"publish","type":"post","link":"https:\/\/www.egemtv.com\/?p=12988","title":{"rendered":"Manisa\u2019da Ye\u015fil Yol uygulamas\u0131 trafi\u011fi rahatlatt\u0131"},"content":{"rendered":"<p>Manisa B\u00fcy\u00fck\u015fehir Belediyesi taraf\u0131ndan halk\u0131n karar\u0131yla sona erdirilen k\u0131rm\u0131z\u0131 yol uygulamas\u0131n\u0131n yerine hayata ge\u00e7irilen ye\u015fil yol, ilk g\u00fcnden vatanda\u015flardan tam not ald\u0131. Belediye Ba\u015fkan Ferdi Zeyrek, yeni d\u00fczenlemenin ilk g\u00fcn\u00fcnde sahaya inerek hem halkla bir araya geldi hem de uygulaman\u0131n etkilerini yerinde inceledi.<br \/>\n<br \/>Vatanda\u015flar\u0131n yeni uygulamay\u0131 olumlu kar\u015f\u0131lad\u0131\u011f\u0131n\u0131 belirten Ba\u015fkan Zeyrek, \u201cSadece toplu ta\u015f\u0131ma i\u00e7in kullan\u0131lan k\u0131rm\u0131z\u0131 yol, vatanda\u015fa hizmet etmiyordu. Bug\u00fcn ilk defa ye\u015fil yolday\u0131z. Soruyorum, trafi\u011fin bu \u015fekilde a\u00e7\u0131lmas\u0131n\u0131 nas\u0131l buluyorsunuz, diye. Art\u0131k vatanda\u015flar\u0131m\u0131z\u0131n ge\u00e7ece\u011fi ve kullanabilece\u011fi, ula\u015f\u0131ma katk\u0131 sa\u011flayaca\u011f\u0131n\u0131 planlad\u0131\u011f\u0131m\u0131z bir yolun a\u00e7\u0131lmas\u0131ndan, herkes \u00e7ok memnun. Y\u0131llardan beri \u00f6zlenen ve beklenen bir \u015feydi. Bundan ben de \u00e7ok memnunum\u201d dedi.<br \/>\n<br \/>Manisa B\u00fcy\u00fck\u015fehir Belediyesi, kat\u0131l\u0131mc\u0131 y\u00f6netim anlay\u0131\u015f\u0131 ile hizmetlerini aral\u0131ks\u0131z s\u00fcrd\u00fcr\u00fcyor. \u015eehrin gelece\u011finde \u00f6nemli rol oynayan kararlar\u0131 vatanda\u015flara soran ve istekleri y\u00f6n\u00fcnde uygulamalar\u0131n\u0131 ger\u00e7ekle\u015ftiren Manisa B\u00fcy\u00fck\u015fehir Belediye Ba\u015fkan\u0131 Ferdi Zeyrek, \u015fikayetlere konu olan k\u0131rm\u0131z\u0131 yol uygulamas\u0131n\u0131 da Manisal\u0131lara sormu\u015ftu. Yap\u0131lan anket sonucunda y\u00fczde 86\u2019l\u0131k bir sonu\u00e7la uygulaman\u0131n sonland\u0131r\u0131lmas\u0131n\u0131 isteyen Manisal\u0131lar\u0131n karar\u0131yla k\u0131rm\u0131z\u0131 yol uygulamas\u0131 sona erdi ve trafik ak\u0131\u015f\u0131n\u0131 geli\u015f &#8211; gidi\u015f y\u00f6n\u00fcnde sa\u011flayan ye\u015fil yol uygulamas\u0131na ge\u00e7ildi. Ba\u015fkan\u0131 Ferdi Zeyrek, yeni uygulaman\u0131n ilk g\u00fcn\u00fcnde yerinde incelemelerde bulunarak Manisal\u0131lara ye\u015fil yol uygulamas\u0131n\u0131 nas\u0131l bulduklar\u0131n\u0131 sordu.<\/p>\n<p>\u201cBug\u00fcn ilk defa ye\u015fil yolday\u0131z\u201d<br \/>\n<br \/>Ba\u015fkan Ferdi Zeyrek, \u201cVatanda\u015flar\u0131m\u0131z\u0131n k\u0131rm\u0131z\u0131 yoldan rahats\u0131z oldu\u011funu biliyorduk. Ula\u015f\u0131m m\u00fchendislerimiz bu konu \u00fczerinde \u00e7al\u0131\u015ft\u0131. Daha sonra uygulamay\u0131 vatanda\u015flar\u0131m\u0131za sorduk. Do\u011fru \u015feklin de bu oldu\u011funu biliyorduk, ama vatanda\u015flar\u0131m\u0131z karar versin istedik. Vatanda\u015flar\u0131m\u0131z istemeseydi bu yolu ula\u015f\u0131ma a\u00e7mayacakt\u0131k. Vatanda\u015flar\u0131m\u0131zdan y\u00fczde 86 oran\u0131nda a\u00e7\u0131lmas\u0131 y\u00f6n\u00fcnde talep gelince biz de uygulamaya ba\u015flad\u0131k. Toplu ta\u015f\u0131ma i\u00e7in kullan\u0131lan k\u0131rm\u0131z\u0131 yolun vatanda\u015fa hizmet etmedi\u011fini, ring yolunun trafi\u011fi aksatt\u0131\u011f\u0131n\u0131 biliyorduk. Vatanda\u015flar\u0131m\u0131z da bunu istiyordu. Bug\u00fcn ilk defa ye\u015fil yolday\u0131z. Vatanda\u015flara soruyorum, trafi\u011fin bu \u015fekilde a\u00e7\u0131lmas\u0131n\u0131 nas\u0131l buluyorsunuz, diye. Herkes \u00e7ok mutlu. Y\u0131llard\u0131r \u00f6zlenen ve beklenen bir \u015feydi. T\u0131pk\u0131 bizim \u00e7ocuklu\u011fumuzdaki gibi art\u0131k Karak\u00f6y\u2019de bir gidi\u015f, bir geli\u015f y\u00f6n\u00fcne d\u00f6nd\u00fc. Herkes bana soruyor \u2018Ye\u015fil yol ne anlama geliyor\u2019 diye. Biliyorsunuz ki trafikte k\u0131rm\u0131z\u0131 renk dur, ye\u015fil ise ge\u00e7 demektir. Art\u0131k vatanda\u015flar\u0131m\u0131z\u0131n ge\u00e7ece\u011fi ve kullanabilece\u011fi, ula\u015f\u0131ma katk\u0131 sa\u011flayaca\u011f\u0131n\u0131 planlad\u0131\u011f\u0131m\u0131z bir yolun a\u00e7\u0131lmas\u0131ndan, herkes \u00e7ok memnun. Bundan ben de \u00e7ok memnunum. Bug\u00fcn yerinde bir inceleme yaparak vatanda\u015flar\u0131m\u0131za da g\u00f6r\u00fc\u015flerini sormak istedim\u201d diyerek Manisal\u0131lara yollardaki y\u00f6nlendirme i\u015faretlerine dikkat etmeleri ve trafik kurallar\u0131na uymalar\u0131 y\u00f6n\u00fcnde \u00e7a\u011fr\u0131da bulundu.<\/p>\n<p>Trafik art\u0131k \u00e7ift y\u00f6nl\u00fc akacak<br \/>\n<br \/>Ye\u015fil yol uygulamas\u0131 ile \u0130brahim G\u00f6k\u00e7en Bulvar\u0131, \u0130zmir Caddesi ve 8 Eyl\u00fcl Caddesi \u00fczerinde, servis ve y\u00fck ta\u015f\u0131ma ara\u00e7lar\u0131 hari\u00e7, t\u00fcm ara\u00e7lar \u00e7ift y\u00f6nl\u00fc olarak seyahat edebilecek. Toplu ta\u015f\u0131ma ara\u00e7lar\u0131 bu yolda seferlerine devam edecek. 8 Eyl\u00fcl Caddesi, Ulupark, \u0130brahim G\u00f6k\u00e7en Bulvar\u0131, \u0130zmir Caddesi ve Moris \u015einasi Kav\u015fa\u011f\u0131 aras\u0131nda toplu ta\u015f\u0131ma ara\u00e7lar\u0131 ve sivil ara\u00e7lar i\u00e7in tek \u015ferit geli\u015f d\u00fczenlemesi yap\u0131ld\u0131. Yol \u00fczerinde y\u00f6nlendirme oklar\u0131 da \u00e7izildi. Bu oklar sayesinde, s\u00fcr\u00fcc\u00fclerin g\u00fczergahlar\u0131n\u0131 daha kolay belirlemeleri ve do\u011fru \u015feritleri kullanmalar\u0131n\u0131n sa\u011flanmas\u0131 ama\u00e7land\u0131. B\u00f6ylece hem trafik ak\u0131\u015f\u0131 h\u0131zlanacak hem de kar\u0131\u015f\u0131kl\u0131klar\u0131n \u00f6n\u00fcne ge\u00e7ilmi\u015f olacak. Ayr\u0131ca, yol \u00fczerindeki 13 olan durak say\u0131s\u0131 10\u2019a d\u00fc\u015f\u00fcr\u00fcld\u00fc ve toplu ta\u015f\u0131ma ara\u00e7lar\u0131n\u0131n daha h\u0131zl\u0131 hizmet vermesi ama\u00e7land\u0131. Toplu ta\u015f\u0131ma ara\u00e7lar\u0131 i\u00e7in \u00f6zel cepler olu\u015fturularak yolcu ini\u015f ve bini\u015flerinin daha g\u00fcvenli ve h\u0131zl\u0131 hale getirilmesi ama\u00e7land\u0131.<br \/>\n<br \/>Daha \u00f6nce tercihli yol uygulamas\u0131 nedeniyle yayalar\u0131n kar\u015f\u0131ya ge\u00e7i\u015flerinde zaman zaman \u00fcz\u00fcc\u00fc kazalar da ya\u015fanmaktayd\u0131. Yeni d\u00fczenleme ile bu t\u00fcr kazalar\u0131n \u00f6n\u00fcne ge\u00e7ilmesi hedefleniyor. Eskiden \u015fehir merkezine yaln\u0131zca Karak\u00f6y y\u00f6n\u00fcnden giri\u015f yap\u0131labiliyor, \u00e7\u0131k\u0131\u015flar ise Do\u011fu Caddesi \u00fczerinden sa\u011flan\u0131yordu. Bu durum, yollar\u0131n gereksiz yere yo\u011funla\u015fmas\u0131na neden oluyordu. Yeni uygulama ile a\u00e7\u0131lan yollar sayesinde daha dengeli bir trafik da\u011f\u0131l\u0131m\u0131 sa\u011flanacak.<br \/><\/p>\n","protected":false},"excerpt":{"rendered":"<p>Manisa B\u00fcy\u00fck\u015fehir Belediyesi taraf\u0131ndan halk\u0131n karar\u0131yla sona erdirilen k\u0131rm\u0131z\u0131 yol uygulamas\u0131n\u0131n yerine hayata ge\u00e7irilen ye\u015fil yol, ilk g\u00fcnden vatanda\u015flardan tam not ald\u0131. Belediye Ba\u015fkan Ferdi Zeyrek, yeni d\u00fczenlemenin ilk g\u00fcn\u00fcnde sahaya inerek hem halkla bir araya geldi hem de uygulaman\u0131n etkilerini yerinde inceledi. Vatanda\u015flar\u0131n yeni uygulamay\u0131 olumlu kar\u015f\u0131lad\u0131\u011f\u0131n\u0131 belirten Ba\u015fkan Zeyrek, \u201cSadece toplu ta\u015f\u0131ma i\u00e7in&#8230;<\/p>\n","protected":false},"author":1,"featured_media":12989,"comment_status":"open","ping_status":"open","sticky":false,"template":"","format":"standard","meta":{"_crdt_document":"","footnotes":""},"categories":[125],"tags":[],"class_list":["post-12988","post","type-post","status-publish","format-standard","has-post-thumbnail","hentry","category-ekonomi"],"_links":{"self":[{"href":"https:\/\/www.egemtv.com\/index.php?rest_route=\/wp\/v2\/posts\/12988","targetHints":{"allow":["GET"]}}],"collection":[{"href":"https:\/\/www.egemtv.com\/index.php?rest_route=\/wp\/v2\/posts"}],"about":[{"href":"https:\/\/www.egemtv.com\/index.php?rest_route=\/wp\/v2\/types\/post"}],"author":[{"embeddable":true,"href":"https:\/\/www.egemtv.com\/index.php?rest_route=\/wp\/v2\/users\/1"}],"replies":[{"embeddable":true,"href":"https:\/\/www.egemtv.com\/index.php?rest_route=%2Fwp%2Fv2%2Fcomments&post=12988"}],"version-history":[{"count":1,"href":"https:\/\/www.egemtv.com\/index.php?rest_route=\/wp\/v2\/posts\/12988\/revisions"}],"predecessor-version":[{"id":12990,"href":"https:\/\/www.egemtv.com\/index.php?rest_route=\/wp\/v2\/posts\/12988\/revisions\/12990"}],"wp:featuredmedia":[{"embeddable":true,"href":"https:\/\/www.egemtv.com\/index.php?rest_route=\/wp\/v2\/media\/12989"}],"wp:attachment":[{"href":"https:\/\/www.egemtv.com\/index.php?rest_route=%2Fwp%2Fv2%2Fmedia&parent=12988"}],"wp:term":[{"taxonomy":"category","embeddable":true,"href":"https:\/\/www.egemtv.com\/index.php?rest_route=%2Fwp%2Fv2%2Fcategories&post=12988"},{"taxonomy":"post_tag","embeddable":true,"href":"https:\/\/www.egemtv.com\/index.php?rest_route=%2Fwp%2Fv2%2Ftags&post=12988"}],"curies":[{"name":"wp","href":"https:\/\/api.w.org\/{rel}","templated":true}]}}