{"id":12985,"date":"2025-01-28T10:46:49","date_gmt":"2025-01-28T07:46:49","guid":{"rendered":"https:\/\/www.egemtv.com\/?p=12985"},"modified":"2025-01-28T10:46:50","modified_gmt":"2025-01-28T07:46:50","slug":"izmir-geriledi-torbali-yukseldi","status":"publish","type":"post","link":"https:\/\/www.egemtv.com\/?p=12985","title":{"rendered":"\u0130zmir geriledi, Torbal\u0131 y\u00fckseldi"},"content":{"rendered":"<p>\u0130zmir\u2019in ihracat\u0131 2024 y\u0131l\u0131nda y\u00fczde 2,1 gerileyerek 4. s\u0131ray\u0131 Ankara\u2019ya kapt\u0131r\u0131rken, Torbal\u0131 ihracat\u0131n\u0131 y\u00fczde 8,1 oran\u0131nda artt\u0131r\u0131p 2,1 milyar dolara ula\u015ft\u0131rarak 65 ili geride b\u0131rakt\u0131. Torbal\u0131 Ticaret Odas\u0131 Ba\u015fkan\u0131 Abdulvahap Olgun, \u201cTorbal\u0131, \u00fcretim ve ihracattaki ba\u015far\u0131s\u0131yla T\u00fcrkiye\u2019nin y\u00fckselen g\u00fcc\u00fc, \u0130zmir\u2019in dinamosu olmaya devam ediyor\u201d dedi.<br \/>\n<br \/>T\u00fcrkiye \u0130hracat\u00e7\u0131 Meclisi (T\u0130M) verilerine g\u00f6re, \u0130zmir, 2024 y\u0131l\u0131nda 13,6 milyar dolarl\u0131k ihracatla T\u00fcrkiye\u2019nin en \u00e7ok ihracat yapan d\u00f6rd\u00fcnc\u00fc ili unvan\u0131n\u0131, 14 milyar dolarl\u0131k ihracat ger\u00e7ekle\u015ftiren Ankara\u2019ya kapt\u0131rd\u0131. T\u00fcrkiye\u2019nin toplam ihracat\u0131 2024 y\u0131l\u0131nda 226,1 milyar dolar olarak kaydedilirken, bu rakam\u0131n s\u0131ras\u0131yla 92,1 milyar dolar\u0131 \u0130stanbul, 20,3 milyar dolar\u0131 Kocaeli, 16,7 milyar dolar\u0131 Bursa, 14 milyar dolar\u0131 Ankara ve 13,6 milyar dolar\u0131 \u0130zmir taraf\u0131ndan ger\u00e7ekle\u015ftirildi. \u00c7elik, elektrik-elektronik, \u00e7imento cam seramik ve toprak \u00fcr\u00fcnleri gibi \u00f6nemli sekt\u00f6rlerde \u00e7ift haneli kay\u0131plar ya\u015fand\u0131. Haz\u0131r giyim ve konfeksiyon gibi g\u00fc\u00e7l\u00fc sekt\u00f6rlerde ise neredeyse hi\u00e7 ilerleme kaydedilemedi. \u0130zmir\u2019in ihracat\u0131ndaki bu genel gerileme, kentin ekonomik dinamizminin sorgulanmas\u0131na yol a\u00e7arken, ayn\u0131 d\u00f6nemde Torbal\u0131\u2019n\u0131n ihracat performans\u0131 \u0130zmir\u2019in genel tablosundan ayr\u0131\u015ft\u0131. Torbal\u0131 2,1 milyar dolar ihracat\u0131 ile \u0130zmir\u2019in toplam ihracat\u0131n\u0131n y\u00fczde 15\u2019ini tek ba\u015f\u0131na ger\u00e7ekle\u015ftirdi ve Eski\u015fehir, Trabzon, Kahramanmara\u015f ve Samsun gibi 65 ili geride b\u0131rakt\u0131.<\/p>\n<p>Torbal\u0131 ihracatta zirveye ko\u015fuyor<br \/>\n<br \/>Torbal\u0131, 2023 y\u0131l\u0131nda 1,93 milyar dolar olan ihracat\u0131n\u0131 2024 y\u0131l\u0131nda 2,1 milyar dolara y\u00fckselterek y\u00fczde 8,1\u2019lik bir art\u0131\u015f sa\u011flad\u0131 ve \u0130zmir genelindeki dura\u011fan tabloya ra\u011fmen b\u00fcy\u00fck bir ba\u015far\u0131 sergiledi. \u0130l\u00e7e, \u00f6zellikle t\u00fct\u00fcn sekt\u00f6r\u00fcnde g\u00f6sterdi\u011fi g\u00fc\u00e7l\u00fc performansla 464 milyon dolarl\u0131k ihracat ger\u00e7ekle\u015ftirdi. Haz\u0131r giyim ve konfeksiyon ihracat\u0131 245 milyon dolar seviyesine ula\u015f\u0131rken, a\u011fa\u00e7 mamulleri ve orman \u00fcr\u00fcnleri 193 milyon dolarl\u0131k katk\u0131 sa\u011flad\u0131. Ayr\u0131ca, zeytin ve zeytinya\u011f\u0131 ihracat\u0131nda 163 milyon dolar, tekstil ihracat\u0131nda ise 129 milyon dolarl\u0131k hacim yakalanarak il\u00e7enin ihracat \u00e7e\u015fitlili\u011fi g\u00f6zler \u00f6n\u00fcne serildi. Torbal\u0131\u2019n\u0131n bu g\u00fc\u00e7l\u00fc y\u00fckseli\u015fi, \u0130zmir\u2019in gerileyen toplam ihracat performans\u0131na adeta meydan okudu.<br \/>\n<br \/>Torbal\u0131 Ticaret Odas\u0131 Ba\u015fkan\u0131 Abdulvahap Olgun, il\u00e7enin ba\u015far\u0131s\u0131n\u0131 de\u011ferlendirirken, \u201cTorbal\u0131, sahip oldu\u011fu sanayi g\u00fcc\u00fc, lojistik avantajlar\u0131 ve giri\u015fimci ruhuyla sadece \u0130zmir\u2019in de\u011fil, T\u00fcrkiye\u2019nin de ihracatta y\u00fckselen y\u0131ld\u0131zlar\u0131ndan biri oldu\u011funu bir kez daha kan\u0131tlad\u0131. 2024 y\u0131l\u0131nda 2,1 milyar dolarl\u0131k ihracat rakam\u0131na ula\u015fmam\u0131z, k\u00fcresel pazarlarda rekabet\u00e7i g\u00fcc\u00fcm\u00fcz\u00fcn artt\u0131\u011f\u0131n\u0131 g\u00f6steriyor. \u0130l\u00e7emizin bu ba\u015far\u0131s\u0131nda eme\u011fi ge\u00e7en t\u00fcm sanayicilerimizi ve ihracat\u00e7\u0131lar\u0131m\u0131z\u0131 g\u00f6n\u00fclden tebrik ediyorum. Torbal\u0131, yaln\u0131zca bug\u00fcn\u00fcn de\u011fil, gelece\u011fin ekonomisinde de \u00f6nemli bir merkez olma yolunda kararl\u0131l\u0131kla ilerliyor\u201d ifadelerini kulland\u0131.<br \/><\/p>\n","protected":false},"excerpt":{"rendered":"<p>\u0130zmir\u2019in ihracat\u0131 2024 y\u0131l\u0131nda y\u00fczde 2,1 gerileyerek 4. s\u0131ray\u0131 Ankara\u2019ya kapt\u0131r\u0131rken, Torbal\u0131 ihracat\u0131n\u0131 y\u00fczde 8,1 oran\u0131nda artt\u0131r\u0131p 2,1 milyar dolara ula\u015ft\u0131rarak 65 ili geride b\u0131rakt\u0131. Torbal\u0131 Ticaret Odas\u0131 Ba\u015fkan\u0131 Abdulvahap Olgun, \u201cTorbal\u0131, \u00fcretim ve ihracattaki ba\u015far\u0131s\u0131yla T\u00fcrkiye\u2019nin y\u00fckselen g\u00fcc\u00fc, \u0130zmir\u2019in dinamosu olmaya devam ediyor\u201d dedi. T\u00fcrkiye \u0130hracat\u00e7\u0131 Meclisi (T\u0130M) verilerine g\u00f6re, \u0130zmir, 2024 y\u0131l\u0131nda 13,6&#8230;<\/p>\n","protected":false},"author":1,"featured_media":12986,"comment_status":"open","ping_status":"open","sticky":false,"template":"","format":"standard","meta":{"_crdt_document":"","footnotes":""},"categories":[125],"tags":[],"class_list":["post-12985","post","type-post","status-publish","format-standard","has-post-thumbnail","hentry","category-ekonomi"],"_links":{"self":[{"href":"https:\/\/www.egemtv.com\/index.php?rest_route=\/wp\/v2\/posts\/12985","targetHints":{"allow":["GET"]}}],"collection":[{"href":"https:\/\/www.egemtv.com\/index.php?rest_route=\/wp\/v2\/posts"}],"about":[{"href":"https:\/\/www.egemtv.com\/index.php?rest_route=\/wp\/v2\/types\/post"}],"author":[{"embeddable":true,"href":"https:\/\/www.egemtv.com\/index.php?rest_route=\/wp\/v2\/users\/1"}],"replies":[{"embeddable":true,"href":"https:\/\/www.egemtv.com\/index.php?rest_route=%2Fwp%2Fv2%2Fcomments&post=12985"}],"version-history":[{"count":1,"href":"https:\/\/www.egemtv.com\/index.php?rest_route=\/wp\/v2\/posts\/12985\/revisions"}],"predecessor-version":[{"id":12987,"href":"https:\/\/www.egemtv.com\/index.php?rest_route=\/wp\/v2\/posts\/12985\/revisions\/12987"}],"wp:featuredmedia":[{"embeddable":true,"href":"https:\/\/www.egemtv.com\/index.php?rest_route=\/wp\/v2\/media\/12986"}],"wp:attachment":[{"href":"https:\/\/www.egemtv.com\/index.php?rest_route=%2Fwp%2Fv2%2Fmedia&parent=12985"}],"wp:term":[{"taxonomy":"category","embeddable":true,"href":"https:\/\/www.egemtv.com\/index.php?rest_route=%2Fwp%2Fv2%2Fcategories&post=12985"},{"taxonomy":"post_tag","embeddable":true,"href":"https:\/\/www.egemtv.com\/index.php?rest_route=%2Fwp%2Fv2%2Ftags&post=12985"}],"curies":[{"name":"wp","href":"https:\/\/api.w.org\/{rel}","templated":true}]}}