{"id":12982,"date":"2025-01-28T10:46:46","date_gmt":"2025-01-28T07:46:46","guid":{"rendered":"https:\/\/www.egemtv.com\/?p=12982"},"modified":"2025-01-28T10:46:48","modified_gmt":"2025-01-28T07:46:48","slug":"kuraklik-alarmi-veren-egirdir-golune-60-milyon-metrekup-su-tasinacak","status":"publish","type":"post","link":"https:\/\/www.egemtv.com\/?p=12982","title":{"rendered":"Kurakl\u0131k alarm\u0131 veren E\u011firdir G\u00f6l\u00fc\u2019ne 60 milyon metrek\u00fcp su ta\u015f\u0131nacak"},"content":{"rendered":"<p>Kurakl\u0131k ve iklim de\u011fi\u015fikli\u011fi nedeniyle tehdit alt\u0131ndaki E\u011firdir G\u00f6l\u00fc\u2019n\u00fcn korunmas\u0131 i\u00e7in \u00c7evre, \u015eehircilik ve \u0130klim De\u011fi\u015fikli\u011fi Bakanl\u0131\u011f\u0131\u2019nca 9 maddelik bir eylem plan\u0131 haz\u0131rland\u0131. Isparta Valisi Abdullah Erin, bu plan kapsam\u0131nda g\u00f6ldeki sucul bitkilerin temizlenmesi, dip \u00e7amurunun ar\u0131nd\u0131r\u0131lmas\u0131 ve Tar\u0131m ve Orman Bakanl\u0131\u011f\u0131\u2019n\u0131n da destekleriyle Aksu il\u00e7esinden E\u011firdir G\u00f6l\u00fc\u2019ne 60 milyon metrek\u00fcp su aktar\u0131lmas\u0131 gibi \u00e7al\u0131\u015fmalar\u0131n y\u00fcr\u00fct\u00fclece\u011fini bildirdi.<br \/>\n<br \/>Isparta Valisi Abdullah Erin, ge\u00e7ti\u011fimiz g\u00fcn E\u011firdir il\u00e7esine ger\u00e7ekle\u015ftirdi\u011fi ziyarette hem esnafla bulu\u015ftu hem de g\u00f6l\u00fcn korunmas\u0131na y\u00f6nelik \u00e7al\u0131\u015fmalar\u0131 yerinde inceledi. Vali Erin, bir sosyal tesiste bas\u0131n mensuplar\u0131na yapt\u0131\u011f\u0131 a\u00e7\u0131klamada, E\u011firdir G\u00f6l\u00fc\u2019n\u00fcn sadece Isparta\u2019n\u0131n de\u011fil, t\u00fcm T\u00fcrkiye\u2019nin stratejik bir kayna\u011f\u0131 oldu\u011funa dikkat \u00e7ekti. G\u00f6l\u00fcn hem i\u00e7me suyu hem de tar\u0131msal sulama i\u00e7in kritik \u00f6neme sahip oldu\u011funu belirten Vali Erin, iklim de\u011fi\u015fikli\u011fi ve kurakl\u0131k gibi sorunlar nedeniyle g\u00f6l\u00fcn ciddi tehdit alt\u0131nda oldu\u011funu ifade etti.<\/p>\n<p>9 maddelik eylem plan\u0131<br \/>\n<br \/>E\u011firdir G\u00f6l\u00fc\u2019n\u00fcn korunmas\u0131 amac\u0131yla \u00c7evre, \u015eehircilik ve \u0130klim De\u011fi\u015fikli\u011fi Bakanl\u0131\u011f\u0131\u2019nca haz\u0131rlanan 9 maddelik eylem plan\u0131 kapsam\u0131nda somut projelerin hayata ge\u00e7irildi\u011fini belirten Vali Abdullah Erin, \u00e7al\u0131\u015fmalara g\u00f6l ekosistemine zarar veren sucul bitkilerin kontrol alt\u0131na al\u0131narak temizlenerek ba\u015flanaca\u011f\u0131n\u0131 belirtti. Ard\u0131ndan g\u00f6l taban\u0131ndaki \u00e7amurun ar\u0131nd\u0131r\u0131larak do\u011fal yap\u0131n\u0131n iyile\u015ftirilmesi ve Aksu il\u00e7esinden E\u011firdir G\u00f6l\u00fc\u2019ne su seviyesini art\u0131rmak amac\u0131yla DS\u0130 arac\u0131l\u0131\u011f\u0131yla 60 milyon metrek\u00fcp su aktar\u0131laca\u011f\u0131n\u0131 duyurdu. Projenin haz\u0131rl\u0131k a\u015famas\u0131n\u0131n 2024 y\u0131l\u0131 sonunda tamamland\u0131\u011f\u0131n\u0131 ifade eden Vali Erin, uygulama s\u00fcrecinin 2025 y\u0131l\u0131nda hayata ge\u00e7irildi\u011fini a\u00e7\u0131klad\u0131. Vali Erin, sadece devletin de\u011fil, vatanda\u015flar\u0131n da g\u00f6l\u00fcn korunmas\u0131nda aktif rol almas\u0131 gerekti\u011fini vurgulad\u0131. Halktan \u00e7evreye duyarl\u0131 olmalar\u0131n\u0131 isteyen Erin, modern sulama y\u00f6ntemlerinin kullan\u0131m\u0131n\u0131n su kaynaklar\u0131n\u0131n s\u00fcrd\u00fcr\u00fclebilirli\u011fi i\u00e7in hayati \u00f6nem ta\u015f\u0131d\u0131\u011f\u0131n\u0131 ifade etti.<br \/><\/p>\n","protected":false},"excerpt":{"rendered":"<p>Kurakl\u0131k ve iklim de\u011fi\u015fikli\u011fi nedeniyle tehdit alt\u0131ndaki E\u011firdir G\u00f6l\u00fc\u2019n\u00fcn korunmas\u0131 i\u00e7in \u00c7evre, \u015eehircilik ve \u0130klim De\u011fi\u015fikli\u011fi Bakanl\u0131\u011f\u0131\u2019nca 9 maddelik bir eylem plan\u0131 haz\u0131rland\u0131. Isparta Valisi Abdullah Erin, bu plan kapsam\u0131nda g\u00f6ldeki sucul bitkilerin temizlenmesi, dip \u00e7amurunun ar\u0131nd\u0131r\u0131lmas\u0131 ve Tar\u0131m ve Orman Bakanl\u0131\u011f\u0131\u2019n\u0131n da destekleriyle Aksu il\u00e7esinden E\u011firdir G\u00f6l\u00fc\u2019ne 60 milyon metrek\u00fcp su aktar\u0131lmas\u0131 gibi \u00e7al\u0131\u015fmalar\u0131n&#8230;<\/p>\n","protected":false},"author":1,"featured_media":12983,"comment_status":"open","ping_status":"open","sticky":false,"template":"","format":"standard","meta":{"_crdt_document":"","footnotes":""},"categories":[1],"tags":[],"class_list":["post-12982","post","type-post","status-publish","format-standard","has-post-thumbnail","hentry","category-guncel"],"_links":{"self":[{"href":"https:\/\/www.egemtv.com\/index.php?rest_route=\/wp\/v2\/posts\/12982","targetHints":{"allow":["GET"]}}],"collection":[{"href":"https:\/\/www.egemtv.com\/index.php?rest_route=\/wp\/v2\/posts"}],"about":[{"href":"https:\/\/www.egemtv.com\/index.php?rest_route=\/wp\/v2\/types\/post"}],"author":[{"embeddable":true,"href":"https:\/\/www.egemtv.com\/index.php?rest_route=\/wp\/v2\/users\/1"}],"replies":[{"embeddable":true,"href":"https:\/\/www.egemtv.com\/index.php?rest_route=%2Fwp%2Fv2%2Fcomments&post=12982"}],"version-history":[{"count":1,"href":"https:\/\/www.egemtv.com\/index.php?rest_route=\/wp\/v2\/posts\/12982\/revisions"}],"predecessor-version":[{"id":12984,"href":"https:\/\/www.egemtv.com\/index.php?rest_route=\/wp\/v2\/posts\/12982\/revisions\/12984"}],"wp:featuredmedia":[{"embeddable":true,"href":"https:\/\/www.egemtv.com\/index.php?rest_route=\/wp\/v2\/media\/12983"}],"wp:attachment":[{"href":"https:\/\/www.egemtv.com\/index.php?rest_route=%2Fwp%2Fv2%2Fmedia&parent=12982"}],"wp:term":[{"taxonomy":"category","embeddable":true,"href":"https:\/\/www.egemtv.com\/index.php?rest_route=%2Fwp%2Fv2%2Fcategories&post=12982"},{"taxonomy":"post_tag","embeddable":true,"href":"https:\/\/www.egemtv.com\/index.php?rest_route=%2Fwp%2Fv2%2Ftags&post=12982"}],"curies":[{"name":"wp","href":"https:\/\/api.w.org\/{rel}","templated":true}]}}