{"id":12979,"date":"2025-01-28T10:43:07","date_gmt":"2025-01-28T07:43:07","guid":{"rendered":"https:\/\/www.egemtv.com\/?p=12979"},"modified":"2025-01-28T10:43:09","modified_gmt":"2025-01-28T07:43:09","slug":"domanic-ormanlari-her-mevsim-cazip","status":"publish","type":"post","link":"https:\/\/www.egemtv.com\/?p=12979","title":{"rendered":"Domani\u00e7 ormanlar\u0131 her mevsim cazip"},"content":{"rendered":"<p>K\u00fctahya\u2019n\u0131n Domani\u00e7 il\u00e7esi, beklenen kar ya\u011f\u0131\u015f\u0131n\u0131n az olmas\u0131yla birlikte do\u011fa severleri farkl\u0131 bir deneyime davet etti. Tav\u015fanl\u0131 ve \u00e7evre il\u00e7elerden kar keyfi ya\u015famak i\u00e7in gelenler, Domani\u00e7\u2019in e\u015fsiz ormanlar\u0131nda y\u00fcr\u00fcy\u00fc\u015f yaparak ve piknik yaparak do\u011fan\u0131n tad\u0131n\u0131 \u00e7\u0131kard\u0131.<br \/>\n<br \/>Tav\u015fanl\u0131\u2019ndan gelen Fatma Yal\u00e7\u0131n K\u00fc\u00e7\u00fck, &#8220;Domani\u00e7\u2019e en yak\u0131n yer oldu\u011fu i\u00e7in kar g\u00f6rme umuduyla buraya geldik. Kar olmasa da ormanlar\u0131n huzur veren atmosferi bizi \u00e7ok mutlu etti. \u00d6zellikle \u015felale \u00e7ok g\u00fczeldi. Burada hafta sonunu de\u011ferlendirmek ve \u00e7ocuklarla vakit ge\u00e7irmek \u00e7ok keyifli oluyor&#8221; \u015feklinde duygular\u0131n\u0131 payla\u015ft\u0131.<br \/>\n<br \/>Domani\u00e7 ormanlar\u0131n\u0131n oksijen deposu oldu\u011funu belirten Fatma Yal\u00e7\u0131n K\u00fc\u00e7\u00fck, \u015fehrin g\u00fcr\u00fclt\u00fcs\u00fcnden ve stresinden uzakla\u015fmak i\u00e7in buraya geldiklerini ifade ederek, &#8220;Yaz\u0131n daha \u00e7ok geliyoruz ama k\u0131\u015f\u0131n da do\u011fan\u0131n farkl\u0131 bir y\u00fcz\u00fcyle kar\u015f\u0131la\u015fmak g\u00fczel oluyor.&#8221; dedi.<br \/>\n<br \/>Domani\u00e7\u2019e gelenlerin bir k\u0131sm\u0131 y\u00fcr\u00fcy\u00fc\u015f yaparken bir k\u0131sm\u0131 da piknik yaparak g\u00fcn\u00fcn keyfini \u00e7\u0131kard\u0131. Kar ya\u011f\u0131\u015f\u0131 olmasa da ziyaret\u00e7iler, Domani\u00e7\u2019in do\u011fal g\u00fczelliklerinin tad\u0131n\u0131 \u00e7\u0131kararak unutulmaz hat\u0131ralar biriktirdi.<br \/><\/p>\n","protected":false},"excerpt":{"rendered":"<p>K\u00fctahya\u2019n\u0131n Domani\u00e7 il\u00e7esi, beklenen kar ya\u011f\u0131\u015f\u0131n\u0131n az olmas\u0131yla birlikte do\u011fa severleri farkl\u0131 bir deneyime davet etti. Tav\u015fanl\u0131 ve \u00e7evre il\u00e7elerden kar keyfi ya\u015famak i\u00e7in gelenler, Domani\u00e7\u2019in e\u015fsiz ormanlar\u0131nda y\u00fcr\u00fcy\u00fc\u015f yaparak ve piknik yaparak do\u011fan\u0131n tad\u0131n\u0131 \u00e7\u0131kard\u0131. Tav\u015fanl\u0131\u2019ndan gelen Fatma Yal\u00e7\u0131n K\u00fc\u00e7\u00fck, &#8220;Domani\u00e7\u2019e en yak\u0131n yer oldu\u011fu i\u00e7in kar g\u00f6rme umuduyla buraya geldik. Kar olmasa da&#8230;<\/p>\n","protected":false},"author":1,"featured_media":12980,"comment_status":"open","ping_status":"open","sticky":false,"template":"","format":"standard","meta":{"_crdt_document":"","footnotes":""},"categories":[1],"tags":[],"class_list":["post-12979","post","type-post","status-publish","format-standard","has-post-thumbnail","hentry","category-guncel"],"_links":{"self":[{"href":"https:\/\/www.egemtv.com\/index.php?rest_route=\/wp\/v2\/posts\/12979","targetHints":{"allow":["GET"]}}],"collection":[{"href":"https:\/\/www.egemtv.com\/index.php?rest_route=\/wp\/v2\/posts"}],"about":[{"href":"https:\/\/www.egemtv.com\/index.php?rest_route=\/wp\/v2\/types\/post"}],"author":[{"embeddable":true,"href":"https:\/\/www.egemtv.com\/index.php?rest_route=\/wp\/v2\/users\/1"}],"replies":[{"embeddable":true,"href":"https:\/\/www.egemtv.com\/index.php?rest_route=%2Fwp%2Fv2%2Fcomments&post=12979"}],"version-history":[{"count":1,"href":"https:\/\/www.egemtv.com\/index.php?rest_route=\/wp\/v2\/posts\/12979\/revisions"}],"predecessor-version":[{"id":12981,"href":"https:\/\/www.egemtv.com\/index.php?rest_route=\/wp\/v2\/posts\/12979\/revisions\/12981"}],"wp:featuredmedia":[{"embeddable":true,"href":"https:\/\/www.egemtv.com\/index.php?rest_route=\/wp\/v2\/media\/12980"}],"wp:attachment":[{"href":"https:\/\/www.egemtv.com\/index.php?rest_route=%2Fwp%2Fv2%2Fmedia&parent=12979"}],"wp:term":[{"taxonomy":"category","embeddable":true,"href":"https:\/\/www.egemtv.com\/index.php?rest_route=%2Fwp%2Fv2%2Fcategories&post=12979"},{"taxonomy":"post_tag","embeddable":true,"href":"https:\/\/www.egemtv.com\/index.php?rest_route=%2Fwp%2Fv2%2Ftags&post=12979"}],"curies":[{"name":"wp","href":"https:\/\/api.w.org\/{rel}","templated":true}]}}