{"id":12976,"date":"2025-01-28T10:41:44","date_gmt":"2025-01-28T07:41:44","guid":{"rendered":"https:\/\/www.egemtv.com\/?p=12976"},"modified":"2025-01-28T10:41:46","modified_gmt":"2025-01-28T07:41:46","slug":"vali-musa-isin-rektor-suleyman-kiziltopraki-agirladi","status":"publish","type":"post","link":"https:\/\/www.egemtv.com\/?p=12976","title":{"rendered":"Vali Musa I\u015f\u0131n, Rekt\u00f6r S\u00fcleyman K\u0131z\u0131ltoprak\u2019\u0131 a\u011f\u0131rlad\u0131"},"content":{"rendered":"<p>K\u00fctahya Valisi Musa I\u015f\u0131n, Dumlup\u0131nar \u00dcniversitesi Rekt\u00f6r\u00fc Prof. Dr. S\u00fcleyman K\u0131z\u0131ltoprak\u2019\u0131 makam\u0131nda kabul etti. G\u00f6r\u00fc\u015fmede, \u00fcniversitenin e\u011fitim kalitesinin art\u0131r\u0131lmas\u0131na y\u00f6nelik \u00e7al\u0131\u015fmalar ve akademik alandaki yenilik\u00e7i projeler ele al\u0131nd\u0131.<br \/>\n<br \/>Rekt\u00f6r Prof. Dr. S\u00fcleyman K\u0131z\u0131ltoprak, \u00fcniversiteye yap\u0131lan yat\u0131r\u0131mlar ve gelece\u011fe y\u00f6nelik projeler hakk\u0131nda Vali I\u015f\u0131n\u2019a bilgi verdi. Akademik geli\u015fmeler ve b\u00f6lgeye sa\u011flanan katk\u0131lar \u00fczerine fikir al\u0131\u015fveri\u015finde bulunulan g\u00f6r\u00fc\u015fmede, \u00fcniversitenin bilimsel ve sosyal alanlardaki geli\u015fimi de de\u011ferlendirildi.<br \/>\n<br \/>Vali Musa I\u015f\u0131n, Dumlup\u0131nar \u00dcniversitesi\u2019nin b\u00f6lgenin \u00f6nemli e\u011fitim kurumlar\u0131ndan biri oldu\u011funu vurgulayarak, \u00fcniversitenin geli\u015fimine katk\u0131 sa\u011flamak ad\u0131na her t\u00fcrl\u00fc deste\u011fi vereceklerini ifade etti.<br \/><\/p>\n","protected":false},"excerpt":{"rendered":"<p>K\u00fctahya Valisi Musa I\u015f\u0131n, Dumlup\u0131nar \u00dcniversitesi Rekt\u00f6r\u00fc Prof. Dr. S\u00fcleyman K\u0131z\u0131ltoprak\u2019\u0131 makam\u0131nda kabul etti. G\u00f6r\u00fc\u015fmede, \u00fcniversitenin e\u011fitim kalitesinin art\u0131r\u0131lmas\u0131na y\u00f6nelik \u00e7al\u0131\u015fmalar ve akademik alandaki yenilik\u00e7i projeler ele al\u0131nd\u0131. Rekt\u00f6r Prof. Dr. S\u00fcleyman K\u0131z\u0131ltoprak, \u00fcniversiteye yap\u0131lan yat\u0131r\u0131mlar ve gelece\u011fe y\u00f6nelik projeler hakk\u0131nda Vali I\u015f\u0131n\u2019a bilgi verdi. Akademik geli\u015fmeler ve b\u00f6lgeye sa\u011flanan katk\u0131lar \u00fczerine fikir al\u0131\u015fveri\u015finde bulunulan&#8230;<\/p>\n","protected":false},"author":1,"featured_media":12977,"comment_status":"open","ping_status":"open","sticky":false,"template":"","format":"standard","meta":{"_crdt_document":"","footnotes":""},"categories":[123],"tags":[],"class_list":["post-12976","post","type-post","status-publish","format-standard","has-post-thumbnail","hentry","category-gundem"],"_links":{"self":[{"href":"https:\/\/www.egemtv.com\/index.php?rest_route=\/wp\/v2\/posts\/12976","targetHints":{"allow":["GET"]}}],"collection":[{"href":"https:\/\/www.egemtv.com\/index.php?rest_route=\/wp\/v2\/posts"}],"about":[{"href":"https:\/\/www.egemtv.com\/index.php?rest_route=\/wp\/v2\/types\/post"}],"author":[{"embeddable":true,"href":"https:\/\/www.egemtv.com\/index.php?rest_route=\/wp\/v2\/users\/1"}],"replies":[{"embeddable":true,"href":"https:\/\/www.egemtv.com\/index.php?rest_route=%2Fwp%2Fv2%2Fcomments&post=12976"}],"version-history":[{"count":1,"href":"https:\/\/www.egemtv.com\/index.php?rest_route=\/wp\/v2\/posts\/12976\/revisions"}],"predecessor-version":[{"id":12978,"href":"https:\/\/www.egemtv.com\/index.php?rest_route=\/wp\/v2\/posts\/12976\/revisions\/12978"}],"wp:featuredmedia":[{"embeddable":true,"href":"https:\/\/www.egemtv.com\/index.php?rest_route=\/wp\/v2\/media\/12977"}],"wp:attachment":[{"href":"https:\/\/www.egemtv.com\/index.php?rest_route=%2Fwp%2Fv2%2Fmedia&parent=12976"}],"wp:term":[{"taxonomy":"category","embeddable":true,"href":"https:\/\/www.egemtv.com\/index.php?rest_route=%2Fwp%2Fv2%2Fcategories&post=12976"},{"taxonomy":"post_tag","embeddable":true,"href":"https:\/\/www.egemtv.com\/index.php?rest_route=%2Fwp%2Fv2%2Ftags&post=12976"}],"curies":[{"name":"wp","href":"https:\/\/api.w.org\/{rel}","templated":true}]}}