{"id":12973,"date":"2025-01-28T10:41:42","date_gmt":"2025-01-28T07:41:42","guid":{"rendered":"https:\/\/www.egemtv.com\/?p=12973"},"modified":"2025-01-28T10:41:44","modified_gmt":"2025-01-28T07:41:44","slug":"kutahyada-gorev-suresini-tamamlayan-mudurlere-tesekkur-belgesi","status":"publish","type":"post","link":"https:\/\/www.egemtv.com\/?p=12973","title":{"rendered":"K\u00fctahya\u2019da g\u00f6rev s\u00fcresini tamamlayan m\u00fcd\u00fcrlere te\u015fekk\u00fcr belgesi"},"content":{"rendered":"<p>K\u00fctahya Valisi Musa I\u015f\u0131n, g\u00f6rev s\u00fcresini tamamlayan \u0130l Milli E\u011fitim M\u00fcd\u00fcr\u00fc Hasan Ba\u015fyi\u011fit ve \u0130l Tar\u0131m M\u00fcd\u00fcr\u00fc Dr. Emre Yeniay\u2019\u0131 makam\u0131nda kabul etti.<br \/>\n<br \/>Vali I\u015f\u0131n, Ba\u015fyi\u011fit ve Yeniay\u2019a g\u00f6rev s\u00fcreleri boyunca yapt\u0131klar\u0131 hizmetlerden dolay\u0131 te\u015fekk\u00fcr ederek, kendilerine ba\u015far\u0131 belgelerini takdim etti. G\u00f6r\u00fc\u015fmede, her iki kurumun il genelindeki \u00e7al\u0131\u015fmalar\u0131na ve sa\u011flad\u0131klar\u0131 katk\u0131lara dair de\u011ferlendirmelerde bulunuldu.<br \/>\n<br \/>Vali Musa I\u015f\u0131n, e\u011fitim ve tar\u0131m alan\u0131nda yap\u0131lan \u00e7al\u0131\u015fmalar\u0131n \u00f6nemine vurgu yaparak, her iki isme de emeklerinden dolay\u0131 \u015f\u00fckranlar\u0131n\u0131 sundu ve bundan sonraki s\u00fcre\u00e7te ba\u015far\u0131lar diledi.<br \/><\/p>\n","protected":false},"excerpt":{"rendered":"<p>K\u00fctahya Valisi Musa I\u015f\u0131n, g\u00f6rev s\u00fcresini tamamlayan \u0130l Milli E\u011fitim M\u00fcd\u00fcr\u00fc Hasan Ba\u015fyi\u011fit ve \u0130l Tar\u0131m M\u00fcd\u00fcr\u00fc Dr. Emre Yeniay\u2019\u0131 makam\u0131nda kabul etti. Vali I\u015f\u0131n, Ba\u015fyi\u011fit ve Yeniay\u2019a g\u00f6rev s\u00fcreleri boyunca yapt\u0131klar\u0131 hizmetlerden dolay\u0131 te\u015fekk\u00fcr ederek, kendilerine ba\u015far\u0131 belgelerini takdim etti. G\u00f6r\u00fc\u015fmede, her iki kurumun il genelindeki \u00e7al\u0131\u015fmalar\u0131na ve sa\u011flad\u0131klar\u0131 katk\u0131lara dair de\u011ferlendirmelerde bulunuldu. Vali&#8230;<\/p>\n","protected":false},"author":1,"featured_media":12974,"comment_status":"open","ping_status":"open","sticky":false,"template":"","format":"standard","meta":{"_crdt_document":"","footnotes":""},"categories":[123],"tags":[],"class_list":["post-12973","post","type-post","status-publish","format-standard","has-post-thumbnail","hentry","category-gundem"],"_links":{"self":[{"href":"https:\/\/www.egemtv.com\/index.php?rest_route=\/wp\/v2\/posts\/12973","targetHints":{"allow":["GET"]}}],"collection":[{"href":"https:\/\/www.egemtv.com\/index.php?rest_route=\/wp\/v2\/posts"}],"about":[{"href":"https:\/\/www.egemtv.com\/index.php?rest_route=\/wp\/v2\/types\/post"}],"author":[{"embeddable":true,"href":"https:\/\/www.egemtv.com\/index.php?rest_route=\/wp\/v2\/users\/1"}],"replies":[{"embeddable":true,"href":"https:\/\/www.egemtv.com\/index.php?rest_route=%2Fwp%2Fv2%2Fcomments&post=12973"}],"version-history":[{"count":1,"href":"https:\/\/www.egemtv.com\/index.php?rest_route=\/wp\/v2\/posts\/12973\/revisions"}],"predecessor-version":[{"id":12975,"href":"https:\/\/www.egemtv.com\/index.php?rest_route=\/wp\/v2\/posts\/12973\/revisions\/12975"}],"wp:featuredmedia":[{"embeddable":true,"href":"https:\/\/www.egemtv.com\/index.php?rest_route=\/wp\/v2\/media\/12974"}],"wp:attachment":[{"href":"https:\/\/www.egemtv.com\/index.php?rest_route=%2Fwp%2Fv2%2Fmedia&parent=12973"}],"wp:term":[{"taxonomy":"category","embeddable":true,"href":"https:\/\/www.egemtv.com\/index.php?rest_route=%2Fwp%2Fv2%2Fcategories&post=12973"},{"taxonomy":"post_tag","embeddable":true,"href":"https:\/\/www.egemtv.com\/index.php?rest_route=%2Fwp%2Fv2%2Ftags&post=12973"}],"curies":[{"name":"wp","href":"https:\/\/api.w.org\/{rel}","templated":true}]}}