{"id":12970,"date":"2025-01-28T10:41:39","date_gmt":"2025-01-28T07:41:39","guid":{"rendered":"https:\/\/www.egemtv.com\/?p=12970"},"modified":"2025-01-28T10:41:41","modified_gmt":"2025-01-28T07:41:41","slug":"kutahya-il-milli-egitim-mudurlugunde-devir-teslim-toreni-gerceklestirildi","status":"publish","type":"post","link":"https:\/\/www.egemtv.com\/?p=12970","title":{"rendered":"K\u00fctahya \u0130l Mill\u00ee E\u011fitim M\u00fcd\u00fcrl\u00fc\u011f\u00fc\u2019nde devir teslim t\u00f6reni ger\u00e7ekle\u015ftirildi"},"content":{"rendered":"<p>K\u00fctahya \u0130l Mill\u00ee E\u011fitim M\u00fcd\u00fcrl\u00fc\u011f\u00fc\u2019nde g\u00f6rev de\u011fi\u015fimi dolay\u0131s\u0131yla devir teslim t\u00f6reni d\u00fczenlendi. T\u00f6rende, g\u00f6revinden ayr\u0131lan \u0130l Mill\u00ee E\u011fitim M\u00fcd\u00fcr\u00fc Hasan Ba\u015fyi\u011fit, g\u00f6reve yeni ba\u015flayan Mustafa Y\u0131lmaz\u2019\u0131 kar\u015f\u0131layarak ba\u015far\u0131 dileklerini iletti.<br \/>\n<br \/>Hasan Ba\u015fyi\u011fit, t\u00f6rende Mustafa Y\u0131lmaz\u2019a \u00e7i\u00e7ek takdim ederek yeni g\u00f6revinin hay\u0131rl\u0131 olmas\u0131n\u0131 diledi. G\u00f6revi devralan Mustafa Y\u0131lmaz ise b\u00fcy\u00fck bir azim ve kararl\u0131l\u0131kla \u00e7al\u0131\u015faca\u011f\u0131n\u0131 belirterek, K\u00fctahya\u2019n\u0131n e\u011fitim alan\u0131ndaki geli\u015fimi i\u00e7in t\u00fcm payda\u015flarla birlikte hareket edeceklerini ifade etti.<br \/>\n<br \/>Samimi bir atmosferde ger\u00e7ekle\u015fen t\u00f6rende Hasan Ba\u015fyi\u011fit, g\u00f6rev s\u00fcresi boyunca birlikte \u00e7al\u0131\u015ft\u0131\u011f\u0131 e\u011fitim camias\u0131na te\u015fekk\u00fcr etti.<br \/><\/p>\n","protected":false},"excerpt":{"rendered":"<p>K\u00fctahya \u0130l Mill\u00ee E\u011fitim M\u00fcd\u00fcrl\u00fc\u011f\u00fc\u2019nde g\u00f6rev de\u011fi\u015fimi dolay\u0131s\u0131yla devir teslim t\u00f6reni d\u00fczenlendi. T\u00f6rende, g\u00f6revinden ayr\u0131lan \u0130l Mill\u00ee E\u011fitim M\u00fcd\u00fcr\u00fc Hasan Ba\u015fyi\u011fit, g\u00f6reve yeni ba\u015flayan Mustafa Y\u0131lmaz\u2019\u0131 kar\u015f\u0131layarak ba\u015far\u0131 dileklerini iletti. Hasan Ba\u015fyi\u011fit, t\u00f6rende Mustafa Y\u0131lmaz\u2019a \u00e7i\u00e7ek takdim ederek yeni g\u00f6revinin hay\u0131rl\u0131 olmas\u0131n\u0131 diledi. G\u00f6revi devralan Mustafa Y\u0131lmaz ise b\u00fcy\u00fck bir azim ve kararl\u0131l\u0131kla \u00e7al\u0131\u015faca\u011f\u0131n\u0131 belirterek,&#8230;<\/p>\n","protected":false},"author":1,"featured_media":12971,"comment_status":"open","ping_status":"open","sticky":false,"template":"","format":"standard","meta":{"_crdt_document":"","footnotes":""},"categories":[123],"tags":[],"class_list":["post-12970","post","type-post","status-publish","format-standard","has-post-thumbnail","hentry","category-gundem"],"_links":{"self":[{"href":"https:\/\/www.egemtv.com\/index.php?rest_route=\/wp\/v2\/posts\/12970","targetHints":{"allow":["GET"]}}],"collection":[{"href":"https:\/\/www.egemtv.com\/index.php?rest_route=\/wp\/v2\/posts"}],"about":[{"href":"https:\/\/www.egemtv.com\/index.php?rest_route=\/wp\/v2\/types\/post"}],"author":[{"embeddable":true,"href":"https:\/\/www.egemtv.com\/index.php?rest_route=\/wp\/v2\/users\/1"}],"replies":[{"embeddable":true,"href":"https:\/\/www.egemtv.com\/index.php?rest_route=%2Fwp%2Fv2%2Fcomments&post=12970"}],"version-history":[{"count":1,"href":"https:\/\/www.egemtv.com\/index.php?rest_route=\/wp\/v2\/posts\/12970\/revisions"}],"predecessor-version":[{"id":12972,"href":"https:\/\/www.egemtv.com\/index.php?rest_route=\/wp\/v2\/posts\/12970\/revisions\/12972"}],"wp:featuredmedia":[{"embeddable":true,"href":"https:\/\/www.egemtv.com\/index.php?rest_route=\/wp\/v2\/media\/12971"}],"wp:attachment":[{"href":"https:\/\/www.egemtv.com\/index.php?rest_route=%2Fwp%2Fv2%2Fmedia&parent=12970"}],"wp:term":[{"taxonomy":"category","embeddable":true,"href":"https:\/\/www.egemtv.com\/index.php?rest_route=%2Fwp%2Fv2%2Fcategories&post=12970"},{"taxonomy":"post_tag","embeddable":true,"href":"https:\/\/www.egemtv.com\/index.php?rest_route=%2Fwp%2Fv2%2Ftags&post=12970"}],"curies":[{"name":"wp","href":"https:\/\/api.w.org\/{rel}","templated":true}]}}