{"id":12967,"date":"2025-01-28T09:58:57","date_gmt":"2025-01-28T06:58:57","guid":{"rendered":"https:\/\/www.egemtv.com\/?p=12967"},"modified":"2025-01-28T09:58:59","modified_gmt":"2025-01-28T06:58:59","slug":"zeytinde-daha-fazla-verim-icin-budama-kursu","status":"publish","type":"post","link":"https:\/\/www.egemtv.com\/?p=12967","title":{"rendered":"Zeytinde daha fazla verim i\u00e7in budama kursu"},"content":{"rendered":"<p>G\u00fc\u00e7l\u00fc sanayi yat\u0131r\u0131mlar\u0131n\u0131n yan\u0131 s\u0131ra turizm, tar\u0131m, hayvanc\u0131l\u0131k ve su \u00fcr\u00fcnleri alan\u0131nda da b\u00fcy\u00fck bir potansiyele sahip olan Alia\u011fa\u2018da \u0130l\u00e7e Tar\u0131m ve Orman M\u00fcd\u00fcrl\u00fc\u011f\u00fc ile T\u00fcpra\u015f Halk E\u011fitim Merkezi M\u00fcd\u00fcrl\u00fc\u011f\u00fc i\u015fbirli\u011fiyle \u2019Zeytin A\u011fac\u0131 Budama Kursu\u2019 d\u00fczenlendi.<br \/>\n<br \/>Hayat Boyu \u00d6\u011frenme Program\u0131 \u00e7er\u00e7evesinde \u00c7\u0131tak ve \u015eakran Mahallelerinde ger\u00e7ekle\u015ftirilen kurs, Alia\u011fa \u0130l\u00e7e Tar\u0131m M\u00fcd\u00fcrl\u00fc\u011f\u00fcnde g\u00f6revli uzmanlar taraf\u0131ndan verildi. 12 g\u00fcn ve toplam 48 saat s\u00fcren e\u011fitimde, zeytin hastal\u0131k ve zararl\u0131lar\u0131n te\u015fhis ve m\u00fccadele y\u00f6ntemleri, bordo bulamac\u0131, zeytin a\u011fa\u00e7lar\u0131n\u0131n biyolojisi, farkl\u0131 budama t\u00fcrleri, budama aletleri ve ekipmanlar\u0131, budama zamanlamas\u0131, budama teknikleri ve g\u00fcvenlik, sulama g\u00fcbreleme hastal\u0131k zararl\u0131larla m\u00fccadele ve yeni bah\u00e7e tesis edilirken yap\u0131lmas\u0131 gerekenler anlat\u0131l\u0131rken, zeytin \u00fcretiminin en \u00f6nemli a\u015famalar\u0131ndan biri olan budama teknikleri hem teorik hem de uygulamal\u0131 olarak \u00f6\u011fretildi. Uygulamal\u0131 e\u011fitim s\u0131ras\u0131nda kursiyerlere zeytin bah\u00e7elerinde do\u011fru budama teknikleri ve ekipman kullan\u0131m\u0131yla ilgili detayl\u0131 bilgiler aktar\u0131ld\u0131. Zeytin a\u011fac\u0131 budama kursuna kat\u0131lan kat\u0131l\u0131mc\u0131lara sertifika verildi.<br \/>\n<br \/>Zeytincilikle u\u011fra\u015fan \u00e7ift\u00e7ilere y\u00f6nelik bu t\u00fcr e\u011fitimlerin, Alia\u011fa\u2019n\u0131n tar\u0131msal \u00fcretim potansiyelini art\u0131rmaya y\u00f6nelik \u00f6nemli ad\u0131mlar aras\u0131nda yer ald\u0131\u011f\u0131 vurgulayan Alia\u011fa \u0130l\u00e7e Tar\u0131m ve Orman M\u00fcd\u00fcr\u00fc M. Selim Aksakal \u00fcreticilerine destek olmay\u0131 s\u00fcrd\u00fcreceklerini ve tar\u0131msal konular\u0131ndaki kurslar\u0131n devam edece\u011fini s\u00f6yledi.<br \/><\/p>\n","protected":false},"excerpt":{"rendered":"<p>G\u00fc\u00e7l\u00fc sanayi yat\u0131r\u0131mlar\u0131n\u0131n yan\u0131 s\u0131ra turizm, tar\u0131m, hayvanc\u0131l\u0131k ve su \u00fcr\u00fcnleri alan\u0131nda da b\u00fcy\u00fck bir potansiyele sahip olan Alia\u011fa\u2018da \u0130l\u00e7e Tar\u0131m ve Orman M\u00fcd\u00fcrl\u00fc\u011f\u00fc ile T\u00fcpra\u015f Halk E\u011fitim Merkezi M\u00fcd\u00fcrl\u00fc\u011f\u00fc i\u015fbirli\u011fiyle \u2019Zeytin A\u011fac\u0131 Budama Kursu\u2019 d\u00fczenlendi. Hayat Boyu \u00d6\u011frenme Program\u0131 \u00e7er\u00e7evesinde \u00c7\u0131tak ve \u015eakran Mahallelerinde ger\u00e7ekle\u015ftirilen kurs, Alia\u011fa \u0130l\u00e7e Tar\u0131m M\u00fcd\u00fcrl\u00fc\u011f\u00fcnde g\u00f6revli uzmanlar taraf\u0131ndan verildi&#8230;.<\/p>\n","protected":false},"author":1,"featured_media":12968,"comment_status":"open","ping_status":"open","sticky":false,"template":"","format":"standard","meta":{"_crdt_document":"","footnotes":""},"categories":[125],"tags":[],"class_list":["post-12967","post","type-post","status-publish","format-standard","has-post-thumbnail","hentry","category-ekonomi"],"_links":{"self":[{"href":"https:\/\/www.egemtv.com\/index.php?rest_route=\/wp\/v2\/posts\/12967","targetHints":{"allow":["GET"]}}],"collection":[{"href":"https:\/\/www.egemtv.com\/index.php?rest_route=\/wp\/v2\/posts"}],"about":[{"href":"https:\/\/www.egemtv.com\/index.php?rest_route=\/wp\/v2\/types\/post"}],"author":[{"embeddable":true,"href":"https:\/\/www.egemtv.com\/index.php?rest_route=\/wp\/v2\/users\/1"}],"replies":[{"embeddable":true,"href":"https:\/\/www.egemtv.com\/index.php?rest_route=%2Fwp%2Fv2%2Fcomments&post=12967"}],"version-history":[{"count":1,"href":"https:\/\/www.egemtv.com\/index.php?rest_route=\/wp\/v2\/posts\/12967\/revisions"}],"predecessor-version":[{"id":12969,"href":"https:\/\/www.egemtv.com\/index.php?rest_route=\/wp\/v2\/posts\/12967\/revisions\/12969"}],"wp:featuredmedia":[{"embeddable":true,"href":"https:\/\/www.egemtv.com\/index.php?rest_route=\/wp\/v2\/media\/12968"}],"wp:attachment":[{"href":"https:\/\/www.egemtv.com\/index.php?rest_route=%2Fwp%2Fv2%2Fmedia&parent=12967"}],"wp:term":[{"taxonomy":"category","embeddable":true,"href":"https:\/\/www.egemtv.com\/index.php?rest_route=%2Fwp%2Fv2%2Fcategories&post=12967"},{"taxonomy":"post_tag","embeddable":true,"href":"https:\/\/www.egemtv.com\/index.php?rest_route=%2Fwp%2Fv2%2Ftags&post=12967"}],"curies":[{"name":"wp","href":"https:\/\/api.w.org\/{rel}","templated":true}]}}