{"id":12964,"date":"2025-01-28T09:52:45","date_gmt":"2025-01-28T06:52:45","guid":{"rendered":"https:\/\/www.egemtv.com\/?p=12964"},"modified":"2025-01-28T09:52:47","modified_gmt":"2025-01-28T06:52:47","slug":"kaymakam-dogru-trene-bindi-demir-yollarini-inceledi","status":"publish","type":"post","link":"https:\/\/www.egemtv.com\/?p=12964","title":{"rendered":"Kaymakam Do\u011fru trene bindi, demir yollar\u0131n\u0131 inceledi"},"content":{"rendered":"<p>Ayd\u0131n\u2019\u0131n Germencik il\u00e7esi Kaymakam\u0131 Sultan Do\u011fru, Denizli-\u0130zmir seferini yapan trene binerek, demiryolu g\u00fczergah\u0131n\u0131 yerinde inceledi.<\/p>\n<p>Ge\u00e7ti\u011fimiz Aral\u0131k ay\u0131nda Germencik il\u00e7esinde g\u00f6revine ba\u015flayan Kaymakam Sultan Do\u011fru, il\u00e7e genelinde ziyaret ve incelemelerine devam ediyor. Bu \u00e7er\u00e7evede sahaya inen Kaymakam Do\u011fru, son olarak TCDD Germencik ve Ortaklar \u0130stasyon \u015fefliklerini ziyaret ederek yetkililerden bilgi. \u00c7al\u0131\u015fmalar hakk\u0131nda bilgi alan Kaymakam Do\u011fru, daha sonra Denizli-\u0130zmir seferini yapan trene binerek demiryolu g\u00fczergah\u0131n\u0131 yerinde inceledi.<\/p>\n<p>Konu ile ilgili Germencik Kaymakaml\u0131\u011f\u0131\u2019ndan yap\u0131lan a\u00e7\u0131klamada \u201cKaymakam Sultan Do\u011fru, TCDD Germencik ve Ortaklar \u0130stasyon \u015eefliklerini ziyaret ederek \u00e7al\u0131\u015fmalar hakk\u0131nda bilgi ald\u0131 ve Denizli-\u0130zmir b\u00f6lgesel yolcu treninin seyr\u00fcseferine kat\u0131larak demiryolu g\u00fczergah\u0131n\u0131 ve ge\u00e7it noktalar\u0131n\u0131 inceledi\u201d ifadeleri yer ald\u0131.<br \/><\/p>\n","protected":false},"excerpt":{"rendered":"<p>Ayd\u0131n\u2019\u0131n Germencik il\u00e7esi Kaymakam\u0131 Sultan Do\u011fru, Denizli-\u0130zmir seferini yapan trene binerek, demiryolu g\u00fczergah\u0131n\u0131 yerinde inceledi. Ge\u00e7ti\u011fimiz Aral\u0131k ay\u0131nda Germencik il\u00e7esinde g\u00f6revine ba\u015flayan Kaymakam Sultan Do\u011fru, il\u00e7e genelinde ziyaret ve incelemelerine devam ediyor. Bu \u00e7er\u00e7evede sahaya inen Kaymakam Do\u011fru, son olarak TCDD Germencik ve Ortaklar \u0130stasyon \u015fefliklerini ziyaret ederek yetkililerden bilgi. \u00c7al\u0131\u015fmalar hakk\u0131nda bilgi alan Kaymakam&#8230;<\/p>\n","protected":false},"author":1,"featured_media":12965,"comment_status":"open","ping_status":"open","sticky":false,"template":"","format":"standard","meta":{"_crdt_document":"","footnotes":""},"categories":[1],"tags":[],"class_list":["post-12964","post","type-post","status-publish","format-standard","has-post-thumbnail","hentry","category-guncel"],"_links":{"self":[{"href":"https:\/\/www.egemtv.com\/index.php?rest_route=\/wp\/v2\/posts\/12964","targetHints":{"allow":["GET"]}}],"collection":[{"href":"https:\/\/www.egemtv.com\/index.php?rest_route=\/wp\/v2\/posts"}],"about":[{"href":"https:\/\/www.egemtv.com\/index.php?rest_route=\/wp\/v2\/types\/post"}],"author":[{"embeddable":true,"href":"https:\/\/www.egemtv.com\/index.php?rest_route=\/wp\/v2\/users\/1"}],"replies":[{"embeddable":true,"href":"https:\/\/www.egemtv.com\/index.php?rest_route=%2Fwp%2Fv2%2Fcomments&post=12964"}],"version-history":[{"count":1,"href":"https:\/\/www.egemtv.com\/index.php?rest_route=\/wp\/v2\/posts\/12964\/revisions"}],"predecessor-version":[{"id":12966,"href":"https:\/\/www.egemtv.com\/index.php?rest_route=\/wp\/v2\/posts\/12964\/revisions\/12966"}],"wp:featuredmedia":[{"embeddable":true,"href":"https:\/\/www.egemtv.com\/index.php?rest_route=\/wp\/v2\/media\/12965"}],"wp:attachment":[{"href":"https:\/\/www.egemtv.com\/index.php?rest_route=%2Fwp%2Fv2%2Fmedia&parent=12964"}],"wp:term":[{"taxonomy":"category","embeddable":true,"href":"https:\/\/www.egemtv.com\/index.php?rest_route=%2Fwp%2Fv2%2Fcategories&post=12964"},{"taxonomy":"post_tag","embeddable":true,"href":"https:\/\/www.egemtv.com\/index.php?rest_route=%2Fwp%2Fv2%2Ftags&post=12964"}],"curies":[{"name":"wp","href":"https:\/\/api.w.org\/{rel}","templated":true}]}}