{"id":12961,"date":"2025-01-28T09:47:02","date_gmt":"2025-01-28T06:47:02","guid":{"rendered":"https:\/\/www.egemtv.com\/?p=12961"},"modified":"2025-01-28T09:47:16","modified_gmt":"2025-01-28T06:47:16","slug":"demircide-yasli-ve-ihtiyac-sahibi-vatandaslarin-evleri-temizleniyor","status":"publish","type":"post","link":"https:\/\/www.egemtv.com\/?p=12961","title":{"rendered":"Demirci\u2019de ya\u015fl\u0131 ve ihtiya\u00e7 sahibi vatanda\u015flar\u0131n evleri temizleniyor"},"content":{"rendered":"<p>Manisa\u2019n\u0131n Demirci il\u00e7esinde belediye taraf\u0131ndan kurulan temizlik ekipleri ya\u015fl\u0131, kimsesiz ve engelli vatanda\u015flar\u0131n evlerinde temizlik \u00e7al\u0131\u015fmas\u0131 yap\u0131yor.<br \/>\n<br \/>Demirci Belediyesi Temizlik \u0130\u015fleri M\u00fcd\u00fcrl\u00fc\u011f\u00fcnce kad\u0131nlardan olu\u015fan temizlik ekipleri gelen talepler do\u011frultusunda il\u00e7e merkezi ve k\u0131rsal mahallelerde ya\u015fayan kimsesiz, ihtiya\u00e7 sahibi, ya\u015fl\u0131 ve engelli vatanda\u015flar\u0131n evlerinde temizlik yap\u0131yor.<br \/>\n<br \/>Ekipler mutfaktan odalara camlara ve evin giri\u015flerinde temizlik yaparlarken onlar\u0131n hay\u0131r dualar\u0131n\u0131 alarak kendilerini yaln\u0131z hissetmemeleri i\u00e7in bir s\u00fcre sohbet ediyor. Belediye taraf\u0131ndan bug\u00fcne kadar 30 evde temizlik \u00e7al\u0131\u015fmas\u0131 ger\u00e7ekle\u015ftirildi\u011fi \u00f6\u011frenildi.<br \/>\n<br \/>Sosyal belediyecilik anlay\u0131\u015f\u0131 kapsam\u0131nda kad\u0131nlardan olu\u015fan bir temizlik ekibi kurduklar\u0131n\u0131 ifade eden Demirci Belediye Ba\u015fkan\u0131 Erkan Kara, \u201cBelediyemiz olarak kimsesiz, ihtiya\u00e7 sahibi, engelli ve ya\u015fl\u0131 vatanda\u015flar\u0131m\u0131za y\u00f6nelik \u00e7al\u0131\u015fma ba\u015flatt\u0131k. Haftan\u0131n belirli g\u00fcnlerinde gelen talepler do\u011frultusunda kurdu\u011fumuz temizlik ekibi ile evlerinde genel bir temizlik \u00e7al\u0131\u015fmas\u0131 yap\u0131yoruz. \u0130stek ve taleplerini dinleyerek \u00e7\u00f6z\u00fcm odakl\u0131 \u00e7al\u0131\u015f\u0131yoruz. Belediyemiz olarak \u015fehrimizin her noktas\u0131nda vatanda\u015flar\u0131m\u0131za y\u00f6nelik sosyal belediyecili\u011fe y\u00f6nelik \u00e7al\u0131\u015fmalar\u0131m\u0131z\u0131 s\u00fcrd\u00fcrece\u011fiz.&#8221; dedi.<br \/><\/p>\n","protected":false},"excerpt":{"rendered":"<p>Manisa\u2019n\u0131n Demirci il\u00e7esinde belediye taraf\u0131ndan kurulan temizlik ekipleri ya\u015fl\u0131, kimsesiz ve engelli vatanda\u015flar\u0131n evlerinde temizlik \u00e7al\u0131\u015fmas\u0131 yap\u0131yor. Demirci Belediyesi Temizlik \u0130\u015fleri M\u00fcd\u00fcrl\u00fc\u011f\u00fcnce kad\u0131nlardan olu\u015fan temizlik ekipleri gelen talepler do\u011frultusunda il\u00e7e merkezi ve k\u0131rsal mahallelerde ya\u015fayan kimsesiz, ihtiya\u00e7 sahibi, ya\u015fl\u0131 ve engelli vatanda\u015flar\u0131n evlerinde temizlik yap\u0131yor. Ekipler mutfaktan odalara camlara ve evin giri\u015flerinde temizlik yaparlarken onlar\u0131n&#8230;<\/p>\n","protected":false},"author":1,"featured_media":12962,"comment_status":"open","ping_status":"open","sticky":false,"template":"","format":"standard","meta":{"_crdt_document":"","footnotes":""},"categories":[123],"tags":[],"class_list":["post-12961","post","type-post","status-publish","format-standard","has-post-thumbnail","hentry","category-gundem"],"_links":{"self":[{"href":"https:\/\/www.egemtv.com\/index.php?rest_route=\/wp\/v2\/posts\/12961","targetHints":{"allow":["GET"]}}],"collection":[{"href":"https:\/\/www.egemtv.com\/index.php?rest_route=\/wp\/v2\/posts"}],"about":[{"href":"https:\/\/www.egemtv.com\/index.php?rest_route=\/wp\/v2\/types\/post"}],"author":[{"embeddable":true,"href":"https:\/\/www.egemtv.com\/index.php?rest_route=\/wp\/v2\/users\/1"}],"replies":[{"embeddable":true,"href":"https:\/\/www.egemtv.com\/index.php?rest_route=%2Fwp%2Fv2%2Fcomments&post=12961"}],"version-history":[{"count":1,"href":"https:\/\/www.egemtv.com\/index.php?rest_route=\/wp\/v2\/posts\/12961\/revisions"}],"predecessor-version":[{"id":12963,"href":"https:\/\/www.egemtv.com\/index.php?rest_route=\/wp\/v2\/posts\/12961\/revisions\/12963"}],"wp:featuredmedia":[{"embeddable":true,"href":"https:\/\/www.egemtv.com\/index.php?rest_route=\/wp\/v2\/media\/12962"}],"wp:attachment":[{"href":"https:\/\/www.egemtv.com\/index.php?rest_route=%2Fwp%2Fv2%2Fmedia&parent=12961"}],"wp:term":[{"taxonomy":"category","embeddable":true,"href":"https:\/\/www.egemtv.com\/index.php?rest_route=%2Fwp%2Fv2%2Fcategories&post=12961"},{"taxonomy":"post_tag","embeddable":true,"href":"https:\/\/www.egemtv.com\/index.php?rest_route=%2Fwp%2Fv2%2Ftags&post=12961"}],"curies":[{"name":"wp","href":"https:\/\/api.w.org\/{rel}","templated":true}]}}