{"id":12958,"date":"2025-01-28T09:34:17","date_gmt":"2025-01-28T06:34:17","guid":{"rendered":"https:\/\/www.egemtv.com\/?p=12958"},"modified":"2025-01-28T09:34:19","modified_gmt":"2025-01-28T06:34:19","slug":"aydinda-1-yilda-cocuklar-icin-115-milyon-tl-destek-odemesi-yapildi","status":"publish","type":"post","link":"https:\/\/www.egemtv.com\/?p=12958","title":{"rendered":"Ayd\u0131n\u2019da 1 y\u0131lda \u00e7ocuklar i\u00e7in 115 milyon TL destek \u00f6demesi yap\u0131ld\u0131"},"content":{"rendered":"<p>Ayd\u0131n\u2019da 2024 y\u0131l\u0131 i\u00e7erisinde Sosyal Ekonomik Destek Hizmeti \u00e7er\u00e7evesinde il genelindeki \u00e7ocuklar i\u00e7in toplam 115 milyon 739 bin 473 TL \u00f6deme yap\u0131ld\u0131.<\/p>\n<p>Aile ve Sosyal Hizmetler Bakanl\u0131\u011f\u0131 koordinesinde \u00fclke genelinde oldu\u011fu gibi Ayd\u0131n\u2019da da Sosyal Ekonomik Destek Hizmeti \u00e7al\u0131\u015fmalar\u0131 devam ediyor. \u00c7ocuklar\u0131n ailelerinin yan\u0131nda bak\u0131mlar\u0131 i\u00e7in geli\u015ftirilen hizmet modeli \u00e7er\u00e7evesinde Ayd\u0131n Aile ve Sosyal Hizmetler \u0130l M\u00fcd\u00fcrl\u00fc\u011f\u00fcnce \u00e7al\u0131\u015fmalar y\u00fcr\u00fct\u00fcl\u00fcrken, 2024 y\u0131l\u0131nda il genelindeki \u00e7ocuklar i\u00e7in toplam 115 milyon 739 bin 473 lira \u00f6deme yap\u0131ld\u0131.<\/p>\n<p>Konu ile ilgili Ayd\u0131n Aile ve Sosyal Hizmetler \u0130l M\u00fcd\u00fcrl\u00fc\u011f\u00fc taraf\u0131ndan yap\u0131lan a\u00e7\u0131klamada \u201cBakanl\u0131\u011f\u0131m\u0131z\u0131n hizmet modellerinden bir olan Sosyal Ekonomik Destek Hizmeti kapsam\u0131nda 2024 y\u0131l\u0131 i\u00e7erisinde Ayd\u0131n il genelinde 115 milyon 739 bin 473 TL \u00f6deme ger\u00e7ekle\u015ftirildi\u201d ifadeleri yer ald\u0131.<br \/><\/p>\n","protected":false},"excerpt":{"rendered":"<p>Ayd\u0131n\u2019da 2024 y\u0131l\u0131 i\u00e7erisinde Sosyal Ekonomik Destek Hizmeti \u00e7er\u00e7evesinde il genelindeki \u00e7ocuklar i\u00e7in toplam 115 milyon 739 bin 473 TL \u00f6deme yap\u0131ld\u0131. Aile ve Sosyal Hizmetler Bakanl\u0131\u011f\u0131 koordinesinde \u00fclke genelinde oldu\u011fu gibi Ayd\u0131n\u2019da da Sosyal Ekonomik Destek Hizmeti \u00e7al\u0131\u015fmalar\u0131 devam ediyor. \u00c7ocuklar\u0131n ailelerinin yan\u0131nda bak\u0131mlar\u0131 i\u00e7in geli\u015ftirilen hizmet modeli \u00e7er\u00e7evesinde Ayd\u0131n Aile ve Sosyal Hizmetler&#8230;<\/p>\n","protected":false},"author":1,"featured_media":12959,"comment_status":"open","ping_status":"open","sticky":false,"template":"","format":"standard","meta":{"_crdt_document":"","footnotes":""},"categories":[125],"tags":[],"class_list":["post-12958","post","type-post","status-publish","format-standard","has-post-thumbnail","hentry","category-ekonomi"],"_links":{"self":[{"href":"https:\/\/www.egemtv.com\/index.php?rest_route=\/wp\/v2\/posts\/12958","targetHints":{"allow":["GET"]}}],"collection":[{"href":"https:\/\/www.egemtv.com\/index.php?rest_route=\/wp\/v2\/posts"}],"about":[{"href":"https:\/\/www.egemtv.com\/index.php?rest_route=\/wp\/v2\/types\/post"}],"author":[{"embeddable":true,"href":"https:\/\/www.egemtv.com\/index.php?rest_route=\/wp\/v2\/users\/1"}],"replies":[{"embeddable":true,"href":"https:\/\/www.egemtv.com\/index.php?rest_route=%2Fwp%2Fv2%2Fcomments&post=12958"}],"version-history":[{"count":1,"href":"https:\/\/www.egemtv.com\/index.php?rest_route=\/wp\/v2\/posts\/12958\/revisions"}],"predecessor-version":[{"id":12960,"href":"https:\/\/www.egemtv.com\/index.php?rest_route=\/wp\/v2\/posts\/12958\/revisions\/12960"}],"wp:featuredmedia":[{"embeddable":true,"href":"https:\/\/www.egemtv.com\/index.php?rest_route=\/wp\/v2\/media\/12959"}],"wp:attachment":[{"href":"https:\/\/www.egemtv.com\/index.php?rest_route=%2Fwp%2Fv2%2Fmedia&parent=12958"}],"wp:term":[{"taxonomy":"category","embeddable":true,"href":"https:\/\/www.egemtv.com\/index.php?rest_route=%2Fwp%2Fv2%2Fcategories&post=12958"},{"taxonomy":"post_tag","embeddable":true,"href":"https:\/\/www.egemtv.com\/index.php?rest_route=%2Fwp%2Fv2%2Ftags&post=12958"}],"curies":[{"name":"wp","href":"https:\/\/api.w.org\/{rel}","templated":true}]}}