{"id":12955,"date":"2025-01-28T09:34:15","date_gmt":"2025-01-28T06:34:15","guid":{"rendered":"https:\/\/www.egemtv.com\/?p=12955"},"modified":"2025-01-28T09:34:17","modified_gmt":"2025-01-28T06:34:17","slug":"aydinda-37-duzensiz-gocmen-yakalandi","status":"publish","type":"post","link":"https:\/\/www.egemtv.com\/?p=12955","title":{"rendered":"Ayd\u0131n\u2019da 37 d\u00fczensiz g\u00f6\u00e7men yakaland\u0131"},"content":{"rendered":"<p>Ayd\u0131n\u2019\u0131n Didim il\u00e7esinde insans\u0131z hava arac\u0131 taraf\u0131ndan lastik bot i\u00e7erisinde tespit edilen 37 d\u00fczensiz g\u00f6\u00e7men yakaland\u0131.<br \/>\n<br \/>Edinilen bilgiye g\u00f6re, Sahil G\u00fcvenlik \u0130nsans\u0131z Hava Arac\u0131 taraf\u0131ndan lastik bot i\u00e7erisinde bir grup d\u00fczensiz g\u00f6\u00e7men oldu\u011funun tespit edilmesi \u00fczerine g\u00f6revlendirilen Sahil G\u00fcvenlik Botu (KB-4) taraf\u0131ndan Didim il\u00e7esi a\u00e7\u0131klar\u0131ndaki hareketli lastik bot durdurulurken, i\u00e7erisindeki 37 d\u00fczensiz g\u00f6\u00e7men (beraberinde 1 \u00e7ocuk) yakaland\u0131. Yakalanan d\u00fczensiz g\u00f6\u00e7menler i\u015flemlerinin ard\u0131ndan \u0130l G\u00f6\u00e7 \u0130daresi M\u00fcd\u00fcrl\u00fc\u011f\u00fc\u2019ne g\u00f6nderildi.<br \/><\/p>\n","protected":false},"excerpt":{"rendered":"<p>Ayd\u0131n\u2019\u0131n Didim il\u00e7esinde insans\u0131z hava arac\u0131 taraf\u0131ndan lastik bot i\u00e7erisinde tespit edilen 37 d\u00fczensiz g\u00f6\u00e7men yakaland\u0131. Edinilen bilgiye g\u00f6re, Sahil G\u00fcvenlik \u0130nsans\u0131z Hava Arac\u0131 taraf\u0131ndan lastik bot i\u00e7erisinde bir grup d\u00fczensiz g\u00f6\u00e7men oldu\u011funun tespit edilmesi \u00fczerine g\u00f6revlendirilen Sahil G\u00fcvenlik Botu (KB-4) taraf\u0131ndan Didim il\u00e7esi a\u00e7\u0131klar\u0131ndaki hareketli lastik bot durdurulurken, i\u00e7erisindeki 37 d\u00fczensiz g\u00f6\u00e7men (beraberinde 1&#8230;<\/p>\n","protected":false},"author":1,"featured_media":12956,"comment_status":"open","ping_status":"open","sticky":false,"template":"","format":"standard","meta":{"_crdt_document":"","footnotes":""},"categories":[5],"tags":[],"class_list":["post-12955","post","type-post","status-publish","format-standard","has-post-thumbnail","hentry","category-asayis"],"_links":{"self":[{"href":"https:\/\/www.egemtv.com\/index.php?rest_route=\/wp\/v2\/posts\/12955","targetHints":{"allow":["GET"]}}],"collection":[{"href":"https:\/\/www.egemtv.com\/index.php?rest_route=\/wp\/v2\/posts"}],"about":[{"href":"https:\/\/www.egemtv.com\/index.php?rest_route=\/wp\/v2\/types\/post"}],"author":[{"embeddable":true,"href":"https:\/\/www.egemtv.com\/index.php?rest_route=\/wp\/v2\/users\/1"}],"replies":[{"embeddable":true,"href":"https:\/\/www.egemtv.com\/index.php?rest_route=%2Fwp%2Fv2%2Fcomments&post=12955"}],"version-history":[{"count":1,"href":"https:\/\/www.egemtv.com\/index.php?rest_route=\/wp\/v2\/posts\/12955\/revisions"}],"predecessor-version":[{"id":12957,"href":"https:\/\/www.egemtv.com\/index.php?rest_route=\/wp\/v2\/posts\/12955\/revisions\/12957"}],"wp:featuredmedia":[{"embeddable":true,"href":"https:\/\/www.egemtv.com\/index.php?rest_route=\/wp\/v2\/media\/12956"}],"wp:attachment":[{"href":"https:\/\/www.egemtv.com\/index.php?rest_route=%2Fwp%2Fv2%2Fmedia&parent=12955"}],"wp:term":[{"taxonomy":"category","embeddable":true,"href":"https:\/\/www.egemtv.com\/index.php?rest_route=%2Fwp%2Fv2%2Fcategories&post=12955"},{"taxonomy":"post_tag","embeddable":true,"href":"https:\/\/www.egemtv.com\/index.php?rest_route=%2Fwp%2Fv2%2Ftags&post=12955"}],"curies":[{"name":"wp","href":"https:\/\/api.w.org\/{rel}","templated":true}]}}