{"id":12952,"date":"2025-01-28T09:28:14","date_gmt":"2025-01-28T06:28:14","guid":{"rendered":"https:\/\/www.egemtv.com\/?p=12952"},"modified":"2025-01-28T09:28:17","modified_gmt":"2025-01-28T06:28:17","slug":"baskan-cercioglundan-kuyucaka-617-milyon-tl-degerinde-yatirim","status":"publish","type":"post","link":"https:\/\/www.egemtv.com\/?p=12952","title":{"rendered":"Ba\u015fkan \u00c7er\u00e7io\u011flu\u2019ndan Kuyucak\u2019a 617 milyon TL de\u011ferinde yat\u0131r\u0131m"},"content":{"rendered":"<p>Ayd\u0131n B\u00fcy\u00fck\u015fehir Belediyesi ve ASK\u0130 b\u00fcrokratlar\u0131, Kuyucak Belediye Ba\u015fkan\u0131 U\u011fur Do\u011fanca\u2019ya ziyarette bulundu. Kuyucak Belediye Ba\u015fkan\u0131 U\u011fur Do\u011fanca, B\u00fcy\u00fck\u015fehir Belediyesi ve ASK\u0130 taraf\u0131ndan Kuyucak il\u00e7esi genelinde ger\u00e7ekle\u015ftirilen g\u00fcncel de\u011ferler ile 617 milyon T\u00fcrk liras\u0131 de\u011ferindeki yat\u0131r\u0131mlar i\u00e7in te\u015fekk\u00fcr etti.<\/p>\n<p>Ziyarette, B\u00fcy\u00fck\u015fehir Belediyesi ve ASK\u0130 taraf\u0131ndan Kuyucak il\u00e7esinde ger\u00e7ekle\u015ftirilen projeler ve yat\u0131r\u0131mlar ile gelecekte hayata ge\u00e7irilecek olan \u00e7al\u0131\u015fmalar g\u00f6r\u00fc\u015f\u00fcld\u00fc. G\u00f6r\u00fc\u015fmelerde Ayd\u0131n B\u00fcy\u00fck\u015fehir Belediye Ba\u015fkan\u0131 \u00d6zlem \u00c7er\u00e7io\u011flu taraf\u0131ndan Kuyucak\u2019a kazand\u0131r\u0131lacak yat\u0131r\u0131mlar\u0131n yan\u0131 s\u0131ra mevcut \u00e7al\u0131\u015fmalar\u0131n durumu da ele al\u0131nd\u0131. Belediye Ba\u015fkan\u0131 Do\u011fanca, B\u00fcy\u00fck\u015fehir Belediyesi ve ASK\u0130 taraf\u0131ndan Kuyucak il\u00e7esi genelinde ger\u00e7ekle\u015ftirilen g\u00fcncel de\u011ferler ile 617 milyon T\u00fcrk liras\u0131 de\u011ferindeki yat\u0131r\u0131mlar ile 216 kilometre uzunlu\u011fundaki altyap\u0131 \u00e7al\u0131\u015fmas\u0131 ve 227 kilometre uzunlu\u011fundaki yol \u00e7al\u0131\u015fmas\u0131 i\u00e7in Ba\u015fkan \u00c7er\u00e7io\u011flu\u2019na te\u015fekk\u00fcr etti. Do\u011fanca ayr\u0131ca, il\u00e7ede yap\u0131m\u0131 tamamlanan Yamalak K\u00f6pr\u00fcs\u00fc ve Kat\u0131 At\u0131k Aktarma \u0130stasyonu ile a\u00e7\u0131l\u0131\u015f\u0131 ger\u00e7ekle\u015ftirilecek olan \u00c7ocuk Geli\u015fim Merkezi i\u00e7in Kuyucakl\u0131 vatanda\u015flar\u0131n Ba\u015fkan \u00c7er\u00e7io\u011flu\u2019na te\u015fekk\u00fcrlerini iletti.<\/p>\n<p>ASK\u0130 Genel M\u00fcd\u00fcr\u00fc Hakan Olka\u00e7, Genel Sekreter Yard\u0131mc\u0131lar\u0131 Zafer U\u00e7ar ve Burak \u00d6rnek ile Fen \u0130\u015fleri Dairesi Ba\u015fkan\u0131 Ufuk Serdar \u00d6zmen ziyaretin ard\u0131ndan B\u00fcy\u00fck\u015fehir Belediyesi ve ASK\u0130\u2019nin Kuyucak\u2019ta g\u00f6rev yapan birimleri ile bir araya geldi.  Gece g\u00fcnd\u00fcz demeden Kuyucakl\u0131 vatanda\u015flara hizmet ula\u015ft\u0131ran B\u00fcy\u00fck\u015fehir Belediyesi ve ASK\u0130 personelleri, vatanda\u015flardan gelen g\u00f6r\u00fc\u015f, talep ve \u00f6nerileri b\u00fcrokratlara iletti.<br \/><\/p>\n","protected":false},"excerpt":{"rendered":"<p>Ayd\u0131n B\u00fcy\u00fck\u015fehir Belediyesi ve ASK\u0130 b\u00fcrokratlar\u0131, Kuyucak Belediye Ba\u015fkan\u0131 U\u011fur Do\u011fanca\u2019ya ziyarette bulundu. Kuyucak Belediye Ba\u015fkan\u0131 U\u011fur Do\u011fanca, B\u00fcy\u00fck\u015fehir Belediyesi ve ASK\u0130 taraf\u0131ndan Kuyucak il\u00e7esi genelinde ger\u00e7ekle\u015ftirilen g\u00fcncel de\u011ferler ile 617 milyon T\u00fcrk liras\u0131 de\u011ferindeki yat\u0131r\u0131mlar i\u00e7in te\u015fekk\u00fcr etti. Ziyarette, B\u00fcy\u00fck\u015fehir Belediyesi ve ASK\u0130 taraf\u0131ndan Kuyucak il\u00e7esinde ger\u00e7ekle\u015ftirilen projeler ve yat\u0131r\u0131mlar ile gelecekte hayata ge\u00e7irilecek&#8230;<\/p>\n","protected":false},"author":1,"featured_media":12953,"comment_status":"open","ping_status":"open","sticky":false,"template":"","format":"standard","meta":{"_crdt_document":"","footnotes":""},"categories":[1],"tags":[],"class_list":["post-12952","post","type-post","status-publish","format-standard","has-post-thumbnail","hentry","category-guncel"],"_links":{"self":[{"href":"https:\/\/www.egemtv.com\/index.php?rest_route=\/wp\/v2\/posts\/12952","targetHints":{"allow":["GET"]}}],"collection":[{"href":"https:\/\/www.egemtv.com\/index.php?rest_route=\/wp\/v2\/posts"}],"about":[{"href":"https:\/\/www.egemtv.com\/index.php?rest_route=\/wp\/v2\/types\/post"}],"author":[{"embeddable":true,"href":"https:\/\/www.egemtv.com\/index.php?rest_route=\/wp\/v2\/users\/1"}],"replies":[{"embeddable":true,"href":"https:\/\/www.egemtv.com\/index.php?rest_route=%2Fwp%2Fv2%2Fcomments&post=12952"}],"version-history":[{"count":1,"href":"https:\/\/www.egemtv.com\/index.php?rest_route=\/wp\/v2\/posts\/12952\/revisions"}],"predecessor-version":[{"id":12954,"href":"https:\/\/www.egemtv.com\/index.php?rest_route=\/wp\/v2\/posts\/12952\/revisions\/12954"}],"wp:featuredmedia":[{"embeddable":true,"href":"https:\/\/www.egemtv.com\/index.php?rest_route=\/wp\/v2\/media\/12953"}],"wp:attachment":[{"href":"https:\/\/www.egemtv.com\/index.php?rest_route=%2Fwp%2Fv2%2Fmedia&parent=12952"}],"wp:term":[{"taxonomy":"category","embeddable":true,"href":"https:\/\/www.egemtv.com\/index.php?rest_route=%2Fwp%2Fv2%2Fcategories&post=12952"},{"taxonomy":"post_tag","embeddable":true,"href":"https:\/\/www.egemtv.com\/index.php?rest_route=%2Fwp%2Fv2%2Ftags&post=12952"}],"curies":[{"name":"wp","href":"https:\/\/api.w.org\/{rel}","templated":true}]}}