{"id":12949,"date":"2025-01-28T01:10:16","date_gmt":"2025-01-27T22:10:16","guid":{"rendered":"https:\/\/www.egemtv.com\/?p=12949"},"modified":"2025-01-28T01:10:18","modified_gmt":"2025-01-27T22:10:18","slug":"silahli-saldiri-duzenlenen-aractaki-12-yasindaki-cocuk-hayatini-kaybetti","status":"publish","type":"post","link":"https:\/\/www.egemtv.com\/?p=12949","title":{"rendered":"Silahl\u0131 sald\u0131r\u0131 d\u00fczenlenen ara\u00e7taki 12 ya\u015f\u0131ndaki \u00e7ocuk hayat\u0131n\u0131 kaybetti"},"content":{"rendered":"<p>U\u015fak\u2019ta seyir halindeki hafif ticari araca tabancayla ate\u015f a\u00e7\u0131ld\u0131. A\u00e7\u0131lan ate\u015f sonucu ara\u00e7ta yolcu konumunda bulunan 12 ya\u015f\u0131ndaki \u00e7ocuk yaraland\u0131. Yaral\u0131 \u00e7ocuk kald\u0131r\u0131ld\u0131\u011f\u0131 hastanede hayat\u0131n\u0131 kaybetti.<br \/>\n<br \/>Olay, merkeze ba\u011fl\u0131 Mehmet Akif Ersoy Mahallesi D\u00f6rd\u00fcnc\u00fc \u00c7evre Sokak\u2019ta meydana geldi. E. Karahan idaresindeki hafif ticari araca kimli\u011fi belirsiz \u015fah\u0131s veya \u015fah\u0131slarca tabancayla ate\u015f a\u00e7\u0131ld\u0131.<br \/>\n<br \/>Ate\u015f a\u00e7\u0131lmas\u0131 sonucu ara\u00e7ta yolcu konumunda bulunan s\u00fcr\u00fcc\u00fcn\u00fcn o\u011flu Emirhan Karahan (12) a\u011f\u0131r yaraland\u0131. 12 ya\u015f\u0131ndaki \u00e7ocuk babas\u0131 taraf\u0131ndan U\u015fak E\u011fitim ve Ara\u015ft\u0131rma Hastanesi\u2019ne g\u00f6t\u00fcr\u00fcld\u00fc. 12 ya\u015f\u0131ndaki \u00e7ocuk burada yap\u0131lan t\u00fcm m\u00fcdahalelere ra\u011fmen kurtar\u0131lamayarak hayat\u0131n\u0131 kaybetti.<br \/>\n<br \/>Polis ekiplerince olaya ili\u015fkin 2 \u015f\u00fcpheli \u015fah\u0131s ise g\u00f6zalt\u0131na al\u0131nd\u0131.<br \/>\n<br \/>Olayla ilgili geni\u015f \u00e7apl\u0131 soru\u015fturma ba\u015flat\u0131ld\u0131\u011f\u0131 \u00f6\u011frenildi.<\/p>\n","protected":false},"excerpt":{"rendered":"<p>U\u015fak\u2019ta seyir halindeki hafif ticari araca tabancayla ate\u015f a\u00e7\u0131ld\u0131. A\u00e7\u0131lan ate\u015f sonucu ara\u00e7ta yolcu konumunda bulunan 12 ya\u015f\u0131ndaki \u00e7ocuk yaraland\u0131. Yaral\u0131 \u00e7ocuk kald\u0131r\u0131ld\u0131\u011f\u0131 hastanede hayat\u0131n\u0131 kaybetti. Olay, merkeze ba\u011fl\u0131 Mehmet Akif Ersoy Mahallesi D\u00f6rd\u00fcnc\u00fc \u00c7evre Sokak\u2019ta meydana geldi. E. Karahan idaresindeki hafif ticari araca kimli\u011fi belirsiz \u015fah\u0131s veya \u015fah\u0131slarca tabancayla ate\u015f a\u00e7\u0131ld\u0131. Ate\u015f a\u00e7\u0131lmas\u0131 sonucu&#8230;<\/p>\n","protected":false},"author":1,"featured_media":12950,"comment_status":"open","ping_status":"open","sticky":false,"template":"","format":"standard","meta":{"_crdt_document":"","footnotes":""},"categories":[5],"tags":[],"class_list":["post-12949","post","type-post","status-publish","format-standard","has-post-thumbnail","hentry","category-asayis"],"_links":{"self":[{"href":"https:\/\/www.egemtv.com\/index.php?rest_route=\/wp\/v2\/posts\/12949","targetHints":{"allow":["GET"]}}],"collection":[{"href":"https:\/\/www.egemtv.com\/index.php?rest_route=\/wp\/v2\/posts"}],"about":[{"href":"https:\/\/www.egemtv.com\/index.php?rest_route=\/wp\/v2\/types\/post"}],"author":[{"embeddable":true,"href":"https:\/\/www.egemtv.com\/index.php?rest_route=\/wp\/v2\/users\/1"}],"replies":[{"embeddable":true,"href":"https:\/\/www.egemtv.com\/index.php?rest_route=%2Fwp%2Fv2%2Fcomments&post=12949"}],"version-history":[{"count":1,"href":"https:\/\/www.egemtv.com\/index.php?rest_route=\/wp\/v2\/posts\/12949\/revisions"}],"predecessor-version":[{"id":12951,"href":"https:\/\/www.egemtv.com\/index.php?rest_route=\/wp\/v2\/posts\/12949\/revisions\/12951"}],"wp:featuredmedia":[{"embeddable":true,"href":"https:\/\/www.egemtv.com\/index.php?rest_route=\/wp\/v2\/media\/12950"}],"wp:attachment":[{"href":"https:\/\/www.egemtv.com\/index.php?rest_route=%2Fwp%2Fv2%2Fmedia&parent=12949"}],"wp:term":[{"taxonomy":"category","embeddable":true,"href":"https:\/\/www.egemtv.com\/index.php?rest_route=%2Fwp%2Fv2%2Fcategories&post=12949"},{"taxonomy":"post_tag","embeddable":true,"href":"https:\/\/www.egemtv.com\/index.php?rest_route=%2Fwp%2Fv2%2Ftags&post=12949"}],"curies":[{"name":"wp","href":"https:\/\/api.w.org\/{rel}","templated":true}]}}