{"id":12946,"date":"2025-01-27T23:07:16","date_gmt":"2025-01-27T20:07:16","guid":{"rendered":"https:\/\/www.egemtv.com\/?p=12946"},"modified":"2025-01-27T23:07:18","modified_gmt":"2025-01-27T20:07:18","slug":"bozdoganli-ugur-sevenlerini-uzdu","status":"publish","type":"post","link":"https:\/\/www.egemtv.com\/?p=12946","title":{"rendered":"Bozdo\u011fanl\u0131 U\u011fur, sevenlerini \u00fczd\u00fc"},"content":{"rendered":"<p>Ayd\u0131n\u2019\u0131n Bozdo\u011fan il\u00e7esinde ya\u015fayan kalp ve akci\u011fer nakli beklerken hayat\u0131n\u0131 kaybeden U\u011fur \u00d6zt\u00fcrk (25) hem\u015fehrilerini yasa bo\u011fdu.<\/p>\n<p>T\u00fct\u00fcnc\u00fcler Mahallesi\u2019nde ikamet eden 25 ya\u015f\u0131ndaki U\u011fur \u00d6zt\u00fcrk ileri derecede kalp ve akci\u011fer yetmezli\u011fi nedeniyle Nazilli Devlet Hastanesi\u2019nde tedavi g\u00f6r\u00fcyordu. \u00d6zt\u00fcrk\u2019\u00fcn ailesi organ ba\u011f\u0131\u015f\u0131 i\u00e7in \u00e7a\u011fr\u0131da bulunurken, ayn\u0131 g\u00fcn gen\u00e7 adamdan ac\u0131 haber geldi. Tedavi g\u00f6rd\u00fc\u011f\u00fc hastanede doktorlar\u0131n t\u00fcm \u00e7abalar\u0131na ra\u011fmen kurtar\u0131lamayan \u00d6zt\u00fcrk hayata g\u00f6zlerini kapad\u0131.<\/p>\n<p>Bozdo\u011fan Belediye Ba\u015fkan\u0131 Galip \u00d6zt\u00fcrk sosyal medya hesab\u0131ndan yapt\u0131\u011f\u0131 payla\u015f\u0131m ile \u00d6zt\u00fcrk\u2019\u00fcn ilesine ba\u015fsa\u011fl\u0131\u011f\u0131 dileklerini iletti. Saatler \u00f6ncesinde &#8220;unutmay\u0131n, bir ba\u011f\u0131\u015f bir hayat demektir&#8221; diyerek vatanda\u015flar\u0131 organ ba\u011f\u0131\u015f\u0131na davet eden \u00d6zel, \u00d6zt\u00fcrk\u2019\u00fcn \u00f6l\u00fcm haberi \u00fczerine yapt\u0131\u011f\u0131 payla\u015f\u0131mda, &#8220;U\u011fur \u00d6zt\u00fcrk karde\u015fimizin vefat\u0131n\u0131 derin bir \u00fcz\u00fcnt\u00fcyle \u00f6\u011frenmi\u015f bulunuyorum. Kalp ve akci\u011fer nakli beklerken g\u00f6sterdi\u011fi m\u00fccadele hepimize umut olmu\u015ftu. Onu daima sevgi ve \u00f6zlemle hat\u0131rlayaca\u011f\u0131z. Ailesine, yak\u0131nlar\u0131na ve sevenlerine sab\u0131r ve ba\u015fsa\u011fl\u0131\u011f\u0131 diliyorum. Hepimizin ba\u015f\u0131 sa\u011f olsun&#8221; ifadelerine yer verdi.<br \/><\/p>\n","protected":false},"excerpt":{"rendered":"<p>Ayd\u0131n\u2019\u0131n Bozdo\u011fan il\u00e7esinde ya\u015fayan kalp ve akci\u011fer nakli beklerken hayat\u0131n\u0131 kaybeden U\u011fur \u00d6zt\u00fcrk (25) hem\u015fehrilerini yasa bo\u011fdu. T\u00fct\u00fcnc\u00fcler Mahallesi\u2019nde ikamet eden 25 ya\u015f\u0131ndaki U\u011fur \u00d6zt\u00fcrk ileri derecede kalp ve akci\u011fer yetmezli\u011fi nedeniyle Nazilli Devlet Hastanesi\u2019nde tedavi g\u00f6r\u00fcyordu. \u00d6zt\u00fcrk\u2019\u00fcn ailesi organ ba\u011f\u0131\u015f\u0131 i\u00e7in \u00e7a\u011fr\u0131da bulunurken, ayn\u0131 g\u00fcn gen\u00e7 adamdan ac\u0131 haber geldi. Tedavi g\u00f6rd\u00fc\u011f\u00fc hastanede doktorlar\u0131n&#8230;<\/p>\n","protected":false},"author":1,"featured_media":12947,"comment_status":"open","ping_status":"open","sticky":false,"template":"","format":"standard","meta":{"_crdt_document":"","footnotes":""},"categories":[1],"tags":[],"class_list":["post-12946","post","type-post","status-publish","format-standard","has-post-thumbnail","hentry","category-guncel"],"_links":{"self":[{"href":"https:\/\/www.egemtv.com\/index.php?rest_route=\/wp\/v2\/posts\/12946","targetHints":{"allow":["GET"]}}],"collection":[{"href":"https:\/\/www.egemtv.com\/index.php?rest_route=\/wp\/v2\/posts"}],"about":[{"href":"https:\/\/www.egemtv.com\/index.php?rest_route=\/wp\/v2\/types\/post"}],"author":[{"embeddable":true,"href":"https:\/\/www.egemtv.com\/index.php?rest_route=\/wp\/v2\/users\/1"}],"replies":[{"embeddable":true,"href":"https:\/\/www.egemtv.com\/index.php?rest_route=%2Fwp%2Fv2%2Fcomments&post=12946"}],"version-history":[{"count":1,"href":"https:\/\/www.egemtv.com\/index.php?rest_route=\/wp\/v2\/posts\/12946\/revisions"}],"predecessor-version":[{"id":12948,"href":"https:\/\/www.egemtv.com\/index.php?rest_route=\/wp\/v2\/posts\/12946\/revisions\/12948"}],"wp:featuredmedia":[{"embeddable":true,"href":"https:\/\/www.egemtv.com\/index.php?rest_route=\/wp\/v2\/media\/12947"}],"wp:attachment":[{"href":"https:\/\/www.egemtv.com\/index.php?rest_route=%2Fwp%2Fv2%2Fmedia&parent=12946"}],"wp:term":[{"taxonomy":"category","embeddable":true,"href":"https:\/\/www.egemtv.com\/index.php?rest_route=%2Fwp%2Fv2%2Fcategories&post=12946"},{"taxonomy":"post_tag","embeddable":true,"href":"https:\/\/www.egemtv.com\/index.php?rest_route=%2Fwp%2Fv2%2Ftags&post=12946"}],"curies":[{"name":"wp","href":"https:\/\/api.w.org\/{rel}","templated":true}]}}