{"id":12943,"date":"2025-01-27T21:46:44","date_gmt":"2025-01-27T18:46:44","guid":{"rendered":"https:\/\/www.egemtv.com\/?p=12943"},"modified":"2025-01-27T21:46:46","modified_gmt":"2025-01-27T18:46:46","slug":"denizlide-sobadan-cikan-yanginda-cocugunu-4-kattan-birakarak-kurtaran-anne-hayatini-kaybetti","status":"publish","type":"post","link":"https:\/\/www.egemtv.com\/?p=12943","title":{"rendered":"Denizli\u2019de sobadan \u00e7\u0131kan yang\u0131nda \u00e7ocu\u011funu 4. kattan b\u0131rakarak kurtaran anne hayat\u0131n\u0131 kaybetti"},"content":{"rendered":"<p>Denizli\u2019de sobadan \u00e7\u0131kan yang\u0131nda iki \u00e7ocu\u011fun yard\u0131m istemek i\u00e7in \u00e7\u0131kt\u0131\u011f\u0131 daireyi bir anda alevler sard\u0131. Kap\u0131 \u00f6n\u00fcndeki kanepenin de tutu\u015fmas\u0131 nedeniyle daireden \u00e7\u0131kamayan anne 1 ya\u015f\u0131ndaki bebe\u011fini pencereden atarak kurtar\u0131rken, kendisi alevlerin aras\u0131nda kalarak hayat\u0131n\u0131 kaybetti.<br \/>\n<br \/>Olay, Pamukkale il\u00e7esi H\u00fcrriyet Mahallesi Yunus Emre Caddesi\u2019ndeki 5 katl\u0131 binan\u0131n 4. kat\u0131nda meydana geldi. Edinilen bilgilere g\u00f6re, 4. kattaki dairede oturan Suriye uyruklu ailenin evinde sobadan yang\u0131n \u00e7\u0131kt\u0131. Bir anda evi saran alevlerin aras\u0131ndan kurtulan K.J. (7) ve karde\u015fi F.J. (9), daireden \u00e7\u0131karak yard\u0131m istemek i\u00e7in a\u015fa\u011f\u0131ya indi. Yang\u0131n\u0131 s\u00f6nd\u00fcrmeye \u00e7al\u0131\u015fan anne Esraa Alalo (26) ise, s\u00f6nd\u00fcremeyince yatak odas\u0131nda uyuyan 1 ya\u015f\u0131ndaki bebe\u011fi A.J.\u2019yi de alarak daireden \u00e7\u0131kmak istedi. Daire giri\u015findeki kanepenin tutu\u015fmas\u0131 nedeniyle d\u0131\u015far\u0131 \u00e7\u0131kamayan anne, h\u0131zla evi saran alevler nedeniyle yatak odas\u0131na s\u0131\u011f\u0131nd\u0131. Esraa Alalo, a\u015fa\u011f\u0131da bekleyen vatanda\u015flardan yard\u0131m istedi.<\/p>\n<p>4. kattan bebe\u011fini att\u0131, kendisi kurtulamad\u0131<br \/>\n<br \/>Sokaktaki vatanda\u015flar\u0131n battaniye a\u00e7t\u0131\u011f\u0131n\u0131 g\u00f6ren Esraa Alalo, 1 ya\u015f\u0131ndaki bebe\u011fi A.J.\u2019yi battaniyeye sard\u0131ktan sonra battaniyetinin \u00fczerine att\u0131. \u00c7evredeki vatanda\u015flar\u0131n ihbar\u0131 \u00fczerine adrese itfaiye, polis ve sa\u011fl\u0131k ekipleri sevk edildi. Sa\u011fl\u0131k ekipleri s\u0131rt\u0131nda ve baca\u011f\u0131nda yan\u0131klar olu\u015fan 1 ya\u015f\u0131ndaki A.J.\u2019ye m\u00fcdahalede bulunurken, itfaiye ekipleri daireyi saran alevleri kontrol etmek i\u00e7in yo\u011fun \u00e7aba sarf etti. \u0130tfaiye ekipleri alevleri k\u0131sa s\u00fcrede kontrol alt\u0131na alarak i\u00e7eride bulunan Esraa Alalo\u2019yu kurtarmak i\u00e7in \u00e7al\u0131\u015fmalara ba\u015flad\u0131. \u0130tfaiye ekiplerinin yapt\u0131\u011f\u0131 kontrolde Esraa Alalo, yatak odas\u0131nda pencere \u00f6n\u00fcnde \u00f6l\u00fc bulundu. Evdeki so\u011futma \u00e7al\u0131\u015fmalar\u0131n\u0131n ard\u0131ndan olay yeri inceleme, itfaiye ve cumhuriyet savc\u0131s\u0131 taraf\u0131ndan incelemeler yap\u0131ld\u0131. \u0130lk belirlemelere g\u00f6re dumandan etkilenerek bayg\u0131nl\u0131k ge\u00e7iren kad\u0131n\u0131n bu nedenle kendisini kurtaramad\u0131\u011f\u0131 de\u011ferlendirilirken, v\u00fccudunda yan\u0131klar olu\u015fan 1 ya\u015f\u0131ndaki bebek sa\u011fl\u0131k ekipleri taraf\u0131ndan hastaneye kald\u0131r\u0131ld\u0131. Haberi al\u0131r almaz olay yerine gelen tekstil i\u015f\u00e7isi baba Abdulbasett Jebbi (36) ise g\u00f6zya\u015flar\u0131na hakim olamad\u0131. \u00c7aresiz baba, e\u015finin cans\u0131z bedeninin \u00e7\u0131kar\u0131lmas\u0131n\u0131 beklerken yak\u0131nlar\u0131 taraf\u0131ndan teselli edildi.  Yap\u0131lan incelemelerin ard\u0131ndan Esraa Alalo\u2019nun cans\u0131z bedeni, otopsi yap\u0131lmak \u00fczere Adli T\u0131p Kurumu\u2019na kald\u0131r\u0131ld\u0131.<br \/>\n<br \/>Olaya tan\u0131k olan Ahmet Sevim, \u201cBir \u00e7ocuk gelip, \u2018Yeti\u015fin yang\u0131n var\u2019 dedi. \u00c7ocuk ba\u011f\u0131rd\u0131ktan sonra bir anda alevler g\u00f6r\u00fcnmeye ba\u015flad\u0131. Pencerede bir tane kad\u0131n \u00e7ocu\u011funu battaniyeye sarm\u0131\u015ft\u0131. A\u015fa\u011f\u0131dakiler kad\u0131na \u00e7ocu\u011fu atmas\u0131n\u0131 s\u00f6yl\u00fcyordu. \u00c7ocu\u011fu ataca\u011f\u0131 s\u0131rada bayg\u0131nl\u0131k ge\u00e7iriyor. Kad\u0131n i\u00e7eriye d\u00fc\u015f\u00fcnce \u00e7ocukta a\u015fa\u011f\u0131ya d\u00fc\u015f\u00fcyor. A\u015fa\u011f\u0131da \u00e7ocu\u011fu tuttular\u201d dedi.<br \/>\n<br \/>Olayla ilgili soru\u015fturma ba\u015flat\u0131ld\u0131. Sobadan kaynakland\u0131\u011f\u0131 d\u00fc\u015f\u00fcn\u00fclen yang\u0131n\u0131n kesin \u00e7\u0131k\u0131\u015f sebebinin bilirki\u015fi heyeti taraf\u0131ndan haz\u0131rlanacak raporla netlik kazanaca\u011f\u0131 \u00f6\u011frenildi.<br \/><\/p>\n","protected":false},"excerpt":{"rendered":"<p>Denizli\u2019de sobadan \u00e7\u0131kan yang\u0131nda iki \u00e7ocu\u011fun yard\u0131m istemek i\u00e7in \u00e7\u0131kt\u0131\u011f\u0131 daireyi bir anda alevler sard\u0131. Kap\u0131 \u00f6n\u00fcndeki kanepenin de tutu\u015fmas\u0131 nedeniyle daireden \u00e7\u0131kamayan anne 1 ya\u015f\u0131ndaki bebe\u011fini pencereden atarak kurtar\u0131rken, kendisi alevlerin aras\u0131nda kalarak hayat\u0131n\u0131 kaybetti. Olay, Pamukkale il\u00e7esi H\u00fcrriyet Mahallesi Yunus Emre Caddesi\u2019ndeki 5 katl\u0131 binan\u0131n 4. kat\u0131nda meydana geldi. Edinilen bilgilere g\u00f6re, 4&#8230;.<\/p>\n","protected":false},"author":1,"featured_media":12944,"comment_status":"open","ping_status":"open","sticky":false,"template":"","format":"standard","meta":{"_crdt_document":"","footnotes":""},"categories":[5],"tags":[],"class_list":["post-12943","post","type-post","status-publish","format-standard","has-post-thumbnail","hentry","category-asayis"],"_links":{"self":[{"href":"https:\/\/www.egemtv.com\/index.php?rest_route=\/wp\/v2\/posts\/12943","targetHints":{"allow":["GET"]}}],"collection":[{"href":"https:\/\/www.egemtv.com\/index.php?rest_route=\/wp\/v2\/posts"}],"about":[{"href":"https:\/\/www.egemtv.com\/index.php?rest_route=\/wp\/v2\/types\/post"}],"author":[{"embeddable":true,"href":"https:\/\/www.egemtv.com\/index.php?rest_route=\/wp\/v2\/users\/1"}],"replies":[{"embeddable":true,"href":"https:\/\/www.egemtv.com\/index.php?rest_route=%2Fwp%2Fv2%2Fcomments&post=12943"}],"version-history":[{"count":1,"href":"https:\/\/www.egemtv.com\/index.php?rest_route=\/wp\/v2\/posts\/12943\/revisions"}],"predecessor-version":[{"id":12945,"href":"https:\/\/www.egemtv.com\/index.php?rest_route=\/wp\/v2\/posts\/12943\/revisions\/12945"}],"wp:featuredmedia":[{"embeddable":true,"href":"https:\/\/www.egemtv.com\/index.php?rest_route=\/wp\/v2\/media\/12944"}],"wp:attachment":[{"href":"https:\/\/www.egemtv.com\/index.php?rest_route=%2Fwp%2Fv2%2Fmedia&parent=12943"}],"wp:term":[{"taxonomy":"category","embeddable":true,"href":"https:\/\/www.egemtv.com\/index.php?rest_route=%2Fwp%2Fv2%2Fcategories&post=12943"},{"taxonomy":"post_tag","embeddable":true,"href":"https:\/\/www.egemtv.com\/index.php?rest_route=%2Fwp%2Fv2%2Ftags&post=12943"}],"curies":[{"name":"wp","href":"https:\/\/api.w.org\/{rel}","templated":true}]}}