{"id":12937,"date":"2025-01-27T21:01:35","date_gmt":"2025-01-27T18:01:35","guid":{"rendered":"https:\/\/www.egemtv.com\/?p=12937"},"modified":"2025-01-27T21:01:37","modified_gmt":"2025-01-27T18:01:37","slug":"aydinda-olu-baliklar-yine-kiyiya-vurdu","status":"publish","type":"post","link":"https:\/\/www.egemtv.com\/?p=12937","title":{"rendered":"Ayd\u0131n\u2019da \u00f6l\u00fc bal\u0131klar yine k\u0131y\u0131ya vurdu"},"content":{"rendered":"<p>Ayd\u0131n\u2019\u0131n Didim il\u00e7esinde \u00f6l\u00fc bal\u0131klar k\u0131y\u0131ya vurdu. Ge\u00e7ti\u011fimiz temmuz ay\u0131nda da ayn\u0131 b\u00f6lgede ya\u015fanan bal\u0131k \u00f6l\u00fcmlerinin sebebi ara\u015ft\u0131r\u0131l\u0131yor.<br \/>\n<br \/>Didim il\u00e7esine ba\u011fl\u0131 Mavi\u015fehir Mahallesi Sedef Koyu\u2019nda ge\u00e7ti\u011fimiz temmuz ay\u0131nda ya\u015fanan bal\u0131k \u00f6l\u00fcmlerinin ard\u0131ndan yine \u00f6l\u00fc bal\u0131klar k\u0131y\u0131ya vurdu. Sabah saatlerinde koydaki \u00f6l\u00fc bal\u0131klar\u0131 fark eden vatanda\u015flar, durumu yetkililere bildirdi. B\u00f6lgeye gelen Didim Belediyesi ekipleri koyu temizleyerek, inceleme ger\u00e7ekle\u015ftirdi. Yakla\u015f\u0131k 6 ay sonra tekrarlanan bal\u0131k \u00f6l\u00fcmlerinin nedeninin belirlenmesi i\u00e7in \u00e7al\u0131\u015fma ba\u015flat\u0131ld\u0131\u011f\u0131 \u00f6\u011frenildi.<br \/><\/p>\n","protected":false},"excerpt":{"rendered":"<p>Ayd\u0131n\u2019\u0131n Didim il\u00e7esinde \u00f6l\u00fc bal\u0131klar k\u0131y\u0131ya vurdu. Ge\u00e7ti\u011fimiz temmuz ay\u0131nda da ayn\u0131 b\u00f6lgede ya\u015fanan bal\u0131k \u00f6l\u00fcmlerinin sebebi ara\u015ft\u0131r\u0131l\u0131yor. Didim il\u00e7esine ba\u011fl\u0131 Mavi\u015fehir Mahallesi Sedef Koyu\u2019nda ge\u00e7ti\u011fimiz temmuz ay\u0131nda ya\u015fanan bal\u0131k \u00f6l\u00fcmlerinin ard\u0131ndan yine \u00f6l\u00fc bal\u0131klar k\u0131y\u0131ya vurdu. Sabah saatlerinde koydaki \u00f6l\u00fc bal\u0131klar\u0131 fark eden vatanda\u015flar, durumu yetkililere bildirdi. B\u00f6lgeye gelen Didim Belediyesi ekipleri koyu temizleyerek,&#8230;<\/p>\n","protected":false},"author":1,"featured_media":12938,"comment_status":"open","ping_status":"open","sticky":false,"template":"","format":"standard","meta":{"_crdt_document":"","footnotes":""},"categories":[1],"tags":[],"class_list":["post-12937","post","type-post","status-publish","format-standard","has-post-thumbnail","hentry","category-guncel"],"_links":{"self":[{"href":"https:\/\/www.egemtv.com\/index.php?rest_route=\/wp\/v2\/posts\/12937","targetHints":{"allow":["GET"]}}],"collection":[{"href":"https:\/\/www.egemtv.com\/index.php?rest_route=\/wp\/v2\/posts"}],"about":[{"href":"https:\/\/www.egemtv.com\/index.php?rest_route=\/wp\/v2\/types\/post"}],"author":[{"embeddable":true,"href":"https:\/\/www.egemtv.com\/index.php?rest_route=\/wp\/v2\/users\/1"}],"replies":[{"embeddable":true,"href":"https:\/\/www.egemtv.com\/index.php?rest_route=%2Fwp%2Fv2%2Fcomments&post=12937"}],"version-history":[{"count":1,"href":"https:\/\/www.egemtv.com\/index.php?rest_route=\/wp\/v2\/posts\/12937\/revisions"}],"predecessor-version":[{"id":12939,"href":"https:\/\/www.egemtv.com\/index.php?rest_route=\/wp\/v2\/posts\/12937\/revisions\/12939"}],"wp:featuredmedia":[{"embeddable":true,"href":"https:\/\/www.egemtv.com\/index.php?rest_route=\/wp\/v2\/media\/12938"}],"wp:attachment":[{"href":"https:\/\/www.egemtv.com\/index.php?rest_route=%2Fwp%2Fv2%2Fmedia&parent=12937"}],"wp:term":[{"taxonomy":"category","embeddable":true,"href":"https:\/\/www.egemtv.com\/index.php?rest_route=%2Fwp%2Fv2%2Fcategories&post=12937"},{"taxonomy":"post_tag","embeddable":true,"href":"https:\/\/www.egemtv.com\/index.php?rest_route=%2Fwp%2Fv2%2Ftags&post=12937"}],"curies":[{"name":"wp","href":"https:\/\/api.w.org\/{rel}","templated":true}]}}