{"id":12934,"date":"2025-01-27T20:37:00","date_gmt":"2025-01-27T17:37:00","guid":{"rendered":"https:\/\/www.egemtv.com\/?p=12934"},"modified":"2025-01-27T20:37:02","modified_gmt":"2025-01-27T17:37:02","slug":"incirliova-belediye-meclisinde-dengeler-degisti","status":"publish","type":"post","link":"https:\/\/www.egemtv.com\/?p=12934","title":{"rendered":"\u0130ncirliova Belediye Meclisi\u2019nde dengeler de\u011fi\u015fti"},"content":{"rendered":"<p>\u0130ncirliova Belediye Meclis \u00dcyesi Serkan G\u00fcven\u00e7\u2019in CHP\u2019den istifa edip Cumhur \u0130ttifak\u0131\u2019na ge\u00e7mesinin ard\u0131ndan belediye meclis \u00fcyelerinde e\u015fitlik sa\u011fland\u0131. Mecliste ya\u015fanacak e\u015fit oylamada, sonucu do\u011fal meclis \u00fcyesi Belediye Ba\u015fkan\u0131 Aytekin Kaya\u2019n\u0131n oy hakk\u0131 belirleyecek.<\/p>\n<p>Cumhuriyet Halk Partisi (CHP) grubunun 14, Cumhur \u0130ttifak\u0131\u2019n\u0131n ise 11 meclis \u00fcyesinin bulundu\u011fu \u0130ncirliova Belediye Meclisi\u2019nde dengeler de\u011fi\u015fti. CHP\u2019li meclis \u00fcyesi Serkan G\u00fcven\u00e7\u2019in partisinden istifa ederek Cumhur \u0130ttifak\u0131\u2019na kat\u0131lmas\u0131n\u0131n ar\u0131ndan Cumhur \u0130ttifak\u0131 mecliste, do\u011fal \u00fcye Belediye Ba\u015fkan\u0131 Aytekin\u2019in Kaya ile birlikte e\u015fitli\u011fi yakalad\u0131. Serkan G\u00fcven\u00e7\u2019in istifas\u0131 ile birlikte CHP grubunun \u00fcye say\u0131s\u0131 13\u2019e d\u00fc\u015ferken, Cumhur \u0130ttifak\u0131\u2019n\u0131n \u00fcye say\u0131s\u0131 12\u2019ye y\u00fckseldi. Ancak, do\u011fal meclis \u00fcyesi konumunda bulunan Cumhur \u0130ttifak\u0131\u2019ndan \u0130ncirliova Belediye Ba\u015fkan\u0131 Aytekin Kaya\u2019n\u0131n oy kullanma hakk\u0131 ile birlikte mecliste 13\u2019er meclis \u00fcyeleri ile e\u015fitlik sa\u011fland\u0131. Mevzuat gere\u011fi oylar\u0131n e\u015fitli\u011fi halinde ba\u015fkan\u0131n kulland\u0131\u011f\u0131 oy y\u00f6n\u00fcnde \u00e7o\u011funluk sa\u011flanm\u0131\u015f say\u0131l\u0131rken, e\u015fit oylamada Ba\u015fkan Kaya\u2019n\u0131n oyu karar\u0131 belirleyecek.<\/p>\n<p>\u0130ncirliova Belediye Ba\u015fkan\u0131 Aytekin Kaya, AK Parti \u0130ncirliova \u0130l\u00e7e Ba\u015fkan\u0131 Mehmet Y\u00fczba\u015f\u0131o\u011flu, Belediye Ba\u015fkan Yard\u0131mc\u0131lar\u0131 Metin Korucu, Polat Tanr\u0131kulu, Cumhur \u0130ttifak\u0131 Belediye Meclis \u00dcyeleri Naz\u0131m Ertu\u011f ve Kemal \u015eent\u00fcrk, Cumhur \u0130ttifak\u0131\u2019na kat\u0131lan Serkan G\u00fcven\u00e7\u2019i evinde ziyaret ederek tebrik etti. Cumhur \u0130ttifak\u0131\u2019na yeni kat\u0131lan Serkan G\u00fcven\u00e7\u2019e ili\u015fkin a\u00e7\u0131klamalarda bulunan Ba\u015fkan Kaya, durumun il\u00e7enin yarar\u0131na oldu\u011funu belirterek, &#8220;CHP\u2019den istifa edip AK Partimize \u00fcye olarak Cumhur \u0130ttifak\u0131 ailemize yeni kat\u0131lan \u0130ncirliova Belediye Meclisi \u00fcyemiz Serkan G\u00fcven\u00e7 karde\u015fime \u2019ho\u015f geldin\u2019 diyor, tebrik ediyorum. \u2019Bizim Sevdam\u0131z \u0130ncirliova\u2019 diyerek \u00e7\u0131kt\u0131\u011f\u0131m\u0131z hizmet yolculu\u011funda, il\u00e7emizin geli\u015fmesi, vatanda\u015flar\u0131m\u0131z\u0131n sorunlar\u0131n\u0131n \u00e7\u00f6z\u00fclmesi, \u00e7ocuklar\u0131m\u0131z\u0131n ve gen\u00e7lerimizin daha g\u00fczel bir kentte ya\u015famas\u0131 i\u00e7in, belediye meclisimizde birlikte karar alacak ve al\u0131nan kararlar\u0131, birlik ve beraberlik i\u00e7erisinde hayata ge\u00e7irece\u011fiz. Bug\u00fcne kadar oldu\u011fu gibi bundan sonra da \u0130ncirliovam\u0131z i\u00e7in durmaks\u0131z\u0131n \u00e7al\u0131\u015fmaya devam edece\u011fiz&#8221; dedi.<br \/><\/p>\n","protected":false},"excerpt":{"rendered":"<p>\u0130ncirliova Belediye Meclis \u00dcyesi Serkan G\u00fcven\u00e7\u2019in CHP\u2019den istifa edip Cumhur \u0130ttifak\u0131\u2019na ge\u00e7mesinin ard\u0131ndan belediye meclis \u00fcyelerinde e\u015fitlik sa\u011fland\u0131. Mecliste ya\u015fanacak e\u015fit oylamada, sonucu do\u011fal meclis \u00fcyesi Belediye Ba\u015fkan\u0131 Aytekin Kaya\u2019n\u0131n oy hakk\u0131 belirleyecek. Cumhuriyet Halk Partisi (CHP) grubunun 14, Cumhur \u0130ttifak\u0131\u2019n\u0131n ise 11 meclis \u00fcyesinin bulundu\u011fu \u0130ncirliova Belediye Meclisi\u2019nde dengeler de\u011fi\u015fti. CHP\u2019li meclis \u00fcyesi Serkan&#8230;<\/p>\n","protected":false},"author":1,"featured_media":12935,"comment_status":"open","ping_status":"open","sticky":false,"template":"","format":"standard","meta":{"_crdt_document":"","footnotes":""},"categories":[1],"tags":[],"class_list":["post-12934","post","type-post","status-publish","format-standard","has-post-thumbnail","hentry","category-guncel"],"_links":{"self":[{"href":"https:\/\/www.egemtv.com\/index.php?rest_route=\/wp\/v2\/posts\/12934","targetHints":{"allow":["GET"]}}],"collection":[{"href":"https:\/\/www.egemtv.com\/index.php?rest_route=\/wp\/v2\/posts"}],"about":[{"href":"https:\/\/www.egemtv.com\/index.php?rest_route=\/wp\/v2\/types\/post"}],"author":[{"embeddable":true,"href":"https:\/\/www.egemtv.com\/index.php?rest_route=\/wp\/v2\/users\/1"}],"replies":[{"embeddable":true,"href":"https:\/\/www.egemtv.com\/index.php?rest_route=%2Fwp%2Fv2%2Fcomments&post=12934"}],"version-history":[{"count":1,"href":"https:\/\/www.egemtv.com\/index.php?rest_route=\/wp\/v2\/posts\/12934\/revisions"}],"predecessor-version":[{"id":12936,"href":"https:\/\/www.egemtv.com\/index.php?rest_route=\/wp\/v2\/posts\/12934\/revisions\/12936"}],"wp:featuredmedia":[{"embeddable":true,"href":"https:\/\/www.egemtv.com\/index.php?rest_route=\/wp\/v2\/media\/12935"}],"wp:attachment":[{"href":"https:\/\/www.egemtv.com\/index.php?rest_route=%2Fwp%2Fv2%2Fmedia&parent=12934"}],"wp:term":[{"taxonomy":"category","embeddable":true,"href":"https:\/\/www.egemtv.com\/index.php?rest_route=%2Fwp%2Fv2%2Fcategories&post=12934"},{"taxonomy":"post_tag","embeddable":true,"href":"https:\/\/www.egemtv.com\/index.php?rest_route=%2Fwp%2Fv2%2Ftags&post=12934"}],"curies":[{"name":"wp","href":"https:\/\/api.w.org\/{rel}","templated":true}]}}