{"id":12931,"date":"2025-01-27T19:43:41","date_gmt":"2025-01-27T16:43:41","guid":{"rendered":"https:\/\/www.egemtv.com\/?p=12931"},"modified":"2025-01-27T19:43:43","modified_gmt":"2025-01-27T16:43:43","slug":"denizlide-evde-cikan-yanginda-cocuklarini-kurtaran-anne-hayatini-kaybetti","status":"publish","type":"post","link":"https:\/\/www.egemtv.com\/?p=12931","title":{"rendered":"Denizli\u2019de evde \u00e7\u0131kan yang\u0131nda \u00e7ocuklar\u0131n\u0131 kurtaran anne hayat\u0131n\u0131 kaybetti"},"content":{"rendered":"<p>Denizli\u2019de sobadan \u00e7\u0131kan yang\u0131nda 2 \u00e7ocu\u011fu d\u0131\u015far\u0131 \u00e7\u0131kmay\u0131 ba\u015fadan ve 1 ya\u015f\u0131ndaki \u00e7ocu\u011funu da 4. kattan vatanda\u015flar\u0131n a\u00e7t\u0131\u011f\u0131 battaniyenin \u00fczerine atarak kurtaran anne hayat\u0131n\u0131 kaybetti.<br \/>\n<br \/>Olay, Pamukkale il\u00e7esi H\u00fcrriyet Mahallesi\u2019nde meydana geldi. Edinilen bilgilere g\u00f6re, 5 katl\u0131 binan\u0131n 4. kat\u0131nda oturan Suriye uyruklu ailenin evinde sobadan kaynakl\u0131 yang\u0131n \u00e7\u0131kt\u0131. Bir anda evi saran alevlerin aras\u0131ndan kurtulan K.J. (7) ve karde\u015fi F.J. (9), daireden \u00e7\u0131karak yard\u0131m istemek amac\u0131yla a\u015fa\u011f\u0131ya indi. Anne Esraa Alola (26), 1 ya\u015f\u0131ndaki bebe\u011fi A.J.\u2019yi de vatanda\u015flar\u0131n a\u00e7t\u0131\u011f\u0131 battaniyenin \u00fczerine atarak kurtard\u0131. \u00c7evredeki vatanda\u015flar\u0131n ihbar\u0131 \u00fczerine adrese \u00e7ok say\u0131da itfaiye, sa\u011fl\u0131k ve polis ekibi sevk edildi. Daireyi saran yang\u0131n\u0131 k\u0131sa s\u00fcrede kontrol alt\u0131na alan itfaiye ekipleri, evin yatak odas\u0131nda anne Esraa Alalo\u2019nun cans\u0131z bedenine ula\u015ft\u0131.<br \/>\n<br \/>Annesi taraf\u0131ndan a\u015fa\u011f\u0131 at\u0131larak yang\u0131ndan kurtar\u0131lan A.J.\u2019nin v\u00fccudunun farkl\u0131 noktalar\u0131nda yan\u0131klar oldu\u011fu belirlendi. Sa\u011fl\u0131k ekipleri 1 ya\u015f\u0131ndaki bebe\u011fi ambulansla hastaneye sevk ederken, ekiplerin olay yerinde incelemeleri s\u00fcr\u00fcyor.<br \/><\/p>\n","protected":false},"excerpt":{"rendered":"<p>Denizli\u2019de sobadan \u00e7\u0131kan yang\u0131nda 2 \u00e7ocu\u011fu d\u0131\u015far\u0131 \u00e7\u0131kmay\u0131 ba\u015fadan ve 1 ya\u015f\u0131ndaki \u00e7ocu\u011funu da 4. kattan vatanda\u015flar\u0131n a\u00e7t\u0131\u011f\u0131 battaniyenin \u00fczerine atarak kurtaran anne hayat\u0131n\u0131 kaybetti. Olay, Pamukkale il\u00e7esi H\u00fcrriyet Mahallesi\u2019nde meydana geldi. Edinilen bilgilere g\u00f6re, 5 katl\u0131 binan\u0131n 4. kat\u0131nda oturan Suriye uyruklu ailenin evinde sobadan kaynakl\u0131 yang\u0131n \u00e7\u0131kt\u0131. Bir anda evi saran alevlerin aras\u0131ndan&#8230;<\/p>\n","protected":false},"author":1,"featured_media":12932,"comment_status":"open","ping_status":"open","sticky":false,"template":"","format":"standard","meta":{"_crdt_document":"","footnotes":""},"categories":[5],"tags":[],"class_list":["post-12931","post","type-post","status-publish","format-standard","has-post-thumbnail","hentry","category-asayis"],"_links":{"self":[{"href":"https:\/\/www.egemtv.com\/index.php?rest_route=\/wp\/v2\/posts\/12931","targetHints":{"allow":["GET"]}}],"collection":[{"href":"https:\/\/www.egemtv.com\/index.php?rest_route=\/wp\/v2\/posts"}],"about":[{"href":"https:\/\/www.egemtv.com\/index.php?rest_route=\/wp\/v2\/types\/post"}],"author":[{"embeddable":true,"href":"https:\/\/www.egemtv.com\/index.php?rest_route=\/wp\/v2\/users\/1"}],"replies":[{"embeddable":true,"href":"https:\/\/www.egemtv.com\/index.php?rest_route=%2Fwp%2Fv2%2Fcomments&post=12931"}],"version-history":[{"count":1,"href":"https:\/\/www.egemtv.com\/index.php?rest_route=\/wp\/v2\/posts\/12931\/revisions"}],"predecessor-version":[{"id":12933,"href":"https:\/\/www.egemtv.com\/index.php?rest_route=\/wp\/v2\/posts\/12931\/revisions\/12933"}],"wp:featuredmedia":[{"embeddable":true,"href":"https:\/\/www.egemtv.com\/index.php?rest_route=\/wp\/v2\/media\/12932"}],"wp:attachment":[{"href":"https:\/\/www.egemtv.com\/index.php?rest_route=%2Fwp%2Fv2%2Fmedia&parent=12931"}],"wp:term":[{"taxonomy":"category","embeddable":true,"href":"https:\/\/www.egemtv.com\/index.php?rest_route=%2Fwp%2Fv2%2Fcategories&post=12931"},{"taxonomy":"post_tag","embeddable":true,"href":"https:\/\/www.egemtv.com\/index.php?rest_route=%2Fwp%2Fv2%2Ftags&post=12931"}],"curies":[{"name":"wp","href":"https:\/\/api.w.org\/{rel}","templated":true}]}}