{"id":12928,"date":"2025-01-27T19:24:55","date_gmt":"2025-01-27T16:24:55","guid":{"rendered":"https:\/\/www.egemtv.com\/?p=12928"},"modified":"2025-01-27T19:24:57","modified_gmt":"2025-01-27T16:24:57","slug":"buharkentte-motosiklet-kazasi-2-yarali","status":"publish","type":"post","link":"https:\/\/www.egemtv.com\/?p=12928","title":{"rendered":"Buharkent\u2019te motosiklet kazas\u0131: 2 yaral\u0131"},"content":{"rendered":"<p>Ayd\u0131n\u2019\u0131n Buharkent il\u00e7esinde iki motosikletin \u00e7arp\u0131\u015fmas\u0131 sonucu meydana gelen trafik kazas\u0131nda 2 ki\u015fi yaraland\u0131.<\/p>\n<p>Kaza, \u0130stiklal Mahallesi\u2019nde ak\u015fam saatlerinde meydana geldi. Edinilen bilgiye g\u00f6re, Hulusi Alpan Caddesi ile 15 Sokak kesi\u015fiminde iki motosiklet hen\u00fcz bilinmeyen bir nedenle \u00e7arp\u0131\u015ft\u0131. \u00c7arp\u0131\u015fman\u0131n etkisi ile savrulan motosikletlerden d\u00fc\u015fen s\u00fcr\u00fcc\u00fcler yaraland\u0131. Kazay\u0131 g\u00f6renler durumu 112 Acil \u00c7a\u011fr\u0131 Merkezi\u2019ne bildirdi. \u0130hbar \u00fczerine b\u00f6lgeye sa\u011fl\u0131k ve polis ekipleri sevk edildi. K\u0131sa s\u00fcrede olay yerine gelen sa\u011fl\u0131k ekipleri yaral\u0131 s\u00fcr\u00fcc\u00fclere ilk m\u00fcdahalelerini yaparak ambulanslarla hastaneye kald\u0131r\u0131l\u0131p tedavi alt\u0131na al\u0131nd\u0131.<\/p>\n<p>Kazayla ilgili soru\u015fturma s\u00fcr\u00fcyor.<br \/><\/p>\n","protected":false},"excerpt":{"rendered":"<p>Ayd\u0131n\u2019\u0131n Buharkent il\u00e7esinde iki motosikletin \u00e7arp\u0131\u015fmas\u0131 sonucu meydana gelen trafik kazas\u0131nda 2 ki\u015fi yaraland\u0131. Kaza, \u0130stiklal Mahallesi\u2019nde ak\u015fam saatlerinde meydana geldi. Edinilen bilgiye g\u00f6re, Hulusi Alpan Caddesi ile 15 Sokak kesi\u015fiminde iki motosiklet hen\u00fcz bilinmeyen bir nedenle \u00e7arp\u0131\u015ft\u0131. \u00c7arp\u0131\u015fman\u0131n etkisi ile savrulan motosikletlerden d\u00fc\u015fen s\u00fcr\u00fcc\u00fcler yaraland\u0131. Kazay\u0131 g\u00f6renler durumu 112 Acil \u00c7a\u011fr\u0131 Merkezi\u2019ne bildirdi. \u0130hbar&#8230;<\/p>\n","protected":false},"author":1,"featured_media":12929,"comment_status":"open","ping_status":"open","sticky":false,"template":"","format":"standard","meta":{"_crdt_document":"","footnotes":""},"categories":[5],"tags":[],"class_list":["post-12928","post","type-post","status-publish","format-standard","has-post-thumbnail","hentry","category-asayis"],"_links":{"self":[{"href":"https:\/\/www.egemtv.com\/index.php?rest_route=\/wp\/v2\/posts\/12928","targetHints":{"allow":["GET"]}}],"collection":[{"href":"https:\/\/www.egemtv.com\/index.php?rest_route=\/wp\/v2\/posts"}],"about":[{"href":"https:\/\/www.egemtv.com\/index.php?rest_route=\/wp\/v2\/types\/post"}],"author":[{"embeddable":true,"href":"https:\/\/www.egemtv.com\/index.php?rest_route=\/wp\/v2\/users\/1"}],"replies":[{"embeddable":true,"href":"https:\/\/www.egemtv.com\/index.php?rest_route=%2Fwp%2Fv2%2Fcomments&post=12928"}],"version-history":[{"count":1,"href":"https:\/\/www.egemtv.com\/index.php?rest_route=\/wp\/v2\/posts\/12928\/revisions"}],"predecessor-version":[{"id":12930,"href":"https:\/\/www.egemtv.com\/index.php?rest_route=\/wp\/v2\/posts\/12928\/revisions\/12930"}],"wp:featuredmedia":[{"embeddable":true,"href":"https:\/\/www.egemtv.com\/index.php?rest_route=\/wp\/v2\/media\/12929"}],"wp:attachment":[{"href":"https:\/\/www.egemtv.com\/index.php?rest_route=%2Fwp%2Fv2%2Fmedia&parent=12928"}],"wp:term":[{"taxonomy":"category","embeddable":true,"href":"https:\/\/www.egemtv.com\/index.php?rest_route=%2Fwp%2Fv2%2Fcategories&post=12928"},{"taxonomy":"post_tag","embeddable":true,"href":"https:\/\/www.egemtv.com\/index.php?rest_route=%2Fwp%2Fv2%2Ftags&post=12928"}],"curies":[{"name":"wp","href":"https:\/\/api.w.org\/{rel}","templated":true}]}}