{"id":12925,"date":"2025-01-27T19:13:02","date_gmt":"2025-01-27T16:13:02","guid":{"rendered":"https:\/\/www.egemtv.com\/?p=12925"},"modified":"2025-01-27T19:13:04","modified_gmt":"2025-01-27T16:13:04","slug":"baskan-ozel-yangin-bolgesinde","status":"publish","type":"post","link":"https:\/\/www.egemtv.com\/?p=12925","title":{"rendered":"Ba\u015fkan \u00d6zel yang\u0131n b\u00f6lgesinde"},"content":{"rendered":"<p>Bozdo\u011fan Belediye Ba\u015fkan\u0131 Galip \u00d6zel yang\u0131n \u00e7\u0131kan k\u0131l \u00e7ad\u0131r \u00fcretim imalathanesindeki ekiplerin s\u00f6nd\u00fcrme \u00e7al\u0131\u015fmalar\u0131n\u0131 yerinde takip ederek, &#8220;Can kayb\u0131 olmamas\u0131 en b\u00fcy\u00fck teselli&#8221; dedi.<\/p>\n<p>Yang\u0131n, Olukba\u015f\u0131 Mahallesi\u2019nde meydana geldi. Edinilen bilgiye g\u00f6re, mahallede bulunan bir k\u0131l \u00e7ad\u0131r imalathanesinde hen\u00fcz bilinmeyen bir nedenle yang\u0131n \u00e7\u0131kt\u0131. K\u0131sa s\u00fcrede b\u00fcy\u00fcyen yang\u0131n t\u00fcm imalathaneyi sard\u0131. 112 Acil \u00c7a\u011fr\u0131 Merkezi\u2019ne yap\u0131lan ihbar \u00fczerine b\u00f6lgeye itfaiye, sa\u011fl\u0131k ve jandarma ekipleri sevk edildi. Olay yerine gelen Ayd\u0131n B\u00fcy\u00fck\u015fehir Belediyesi \u0130tfaiye Daire Ba\u015fkanl\u0131\u011f\u0131 ekipleri yang\u0131na m\u00fcdahale ederken, jandarma ekipleri de \u00e7evrede geni\u015f g\u00fcvenlik \u00f6nlemi ald\u0131. Bozdo\u011fan Belediyesi\u2019ne ait kep\u00e7e ve tankerlerin de destek verdi\u011fi yang\u0131n yerine giden Bozdo\u011fan Belediye Ba\u015fkan\u0131 Galip \u00d6zel, s\u00f6nd\u00fcrme \u00e7al\u0131\u015fmalar\u0131n\u0131 yerinde takip etti. \u00c7\u0131kan yang\u0131nda can kayb\u0131 olmad\u0131\u011f\u0131n\u0131 belirten Ba\u015fkan \u00d6zel, \u201cB\u00fcy\u00fck\u015fehir Belediyemizin itfaiye ekipleriyle birlikte, kep\u00e7e ve tankerlerimizle s\u00f6nd\u00fcrme \u00e7al\u0131\u015fmalar\u0131m\u0131z aral\u0131ks\u0131z devam ediyor. Can kayb\u0131 olmamas\u0131 hepimiz i\u00e7in b\u00fcy\u00fck bir teselli\u201d dedi.<\/p>\n<p>Yang\u0131n s\u00f6nd\u00fcrme \u00e7al\u0131\u015fmalar\u0131 devam ederken, yang\u0131n\u0131n \u00e7evreye s\u0131\u00e7ramas\u0131n\u0131 \u00f6nlemek i\u00e7in ekipler yo\u011fun \u00e7aba sarf ediyor.<br \/><\/p>\n","protected":false},"excerpt":{"rendered":"<p>Bozdo\u011fan Belediye Ba\u015fkan\u0131 Galip \u00d6zel yang\u0131n \u00e7\u0131kan k\u0131l \u00e7ad\u0131r \u00fcretim imalathanesindeki ekiplerin s\u00f6nd\u00fcrme \u00e7al\u0131\u015fmalar\u0131n\u0131 yerinde takip ederek, &#8220;Can kayb\u0131 olmamas\u0131 en b\u00fcy\u00fck teselli&#8221; dedi. Yang\u0131n, Olukba\u015f\u0131 Mahallesi\u2019nde meydana geldi. Edinilen bilgiye g\u00f6re, mahallede bulunan bir k\u0131l \u00e7ad\u0131r imalathanesinde hen\u00fcz bilinmeyen bir nedenle yang\u0131n \u00e7\u0131kt\u0131. K\u0131sa s\u00fcrede b\u00fcy\u00fcyen yang\u0131n t\u00fcm imalathaneyi sard\u0131. 112 Acil \u00c7a\u011fr\u0131 Merkezi\u2019ne&#8230;<\/p>\n","protected":false},"author":1,"featured_media":12926,"comment_status":"open","ping_status":"open","sticky":false,"template":"","format":"standard","meta":{"_crdt_document":"","footnotes":""},"categories":[5],"tags":[],"class_list":["post-12925","post","type-post","status-publish","format-standard","has-post-thumbnail","hentry","category-asayis"],"_links":{"self":[{"href":"https:\/\/www.egemtv.com\/index.php?rest_route=\/wp\/v2\/posts\/12925","targetHints":{"allow":["GET"]}}],"collection":[{"href":"https:\/\/www.egemtv.com\/index.php?rest_route=\/wp\/v2\/posts"}],"about":[{"href":"https:\/\/www.egemtv.com\/index.php?rest_route=\/wp\/v2\/types\/post"}],"author":[{"embeddable":true,"href":"https:\/\/www.egemtv.com\/index.php?rest_route=\/wp\/v2\/users\/1"}],"replies":[{"embeddable":true,"href":"https:\/\/www.egemtv.com\/index.php?rest_route=%2Fwp%2Fv2%2Fcomments&post=12925"}],"version-history":[{"count":1,"href":"https:\/\/www.egemtv.com\/index.php?rest_route=\/wp\/v2\/posts\/12925\/revisions"}],"predecessor-version":[{"id":12927,"href":"https:\/\/www.egemtv.com\/index.php?rest_route=\/wp\/v2\/posts\/12925\/revisions\/12927"}],"wp:featuredmedia":[{"embeddable":true,"href":"https:\/\/www.egemtv.com\/index.php?rest_route=\/wp\/v2\/media\/12926"}],"wp:attachment":[{"href":"https:\/\/www.egemtv.com\/index.php?rest_route=%2Fwp%2Fv2%2Fmedia&parent=12925"}],"wp:term":[{"taxonomy":"category","embeddable":true,"href":"https:\/\/www.egemtv.com\/index.php?rest_route=%2Fwp%2Fv2%2Fcategories&post=12925"},{"taxonomy":"post_tag","embeddable":true,"href":"https:\/\/www.egemtv.com\/index.php?rest_route=%2Fwp%2Fv2%2Ftags&post=12925"}],"curies":[{"name":"wp","href":"https:\/\/api.w.org\/{rel}","templated":true}]}}