{"id":12922,"date":"2025-01-27T18:21:57","date_gmt":"2025-01-27T15:21:57","guid":{"rendered":"https:\/\/www.egemtv.com\/?p=12922"},"modified":"2025-01-27T18:22:00","modified_gmt":"2025-01-27T15:22:00","slug":"tarim-orman-ve-insan-fotograf-sergisi-turgutluda-acildi","status":"publish","type":"post","link":"https:\/\/www.egemtv.com\/?p=12922","title":{"rendered":"Tar\u0131m Orman ve \u0130nsan Foto\u011fraf Sergisi Turgutlu\u2019da a\u00e7\u0131ld\u0131"},"content":{"rendered":"<p>Tar\u0131m ve Orman Bakanl\u0131\u011f\u0131, E\u011fitim ve Yay\u0131n Dairesi Ba\u015fkanl\u0131\u011f\u0131\u2019n\u0131n d\u00fczenledi\u011fi Uluslararas\u0131 Tar\u0131m Orman ve \u0130nsan Foto\u011fraf Yar\u0131\u015fmas\u0131\u2019nda dereceye giren foto\u011fraflar Manisa\u2019n\u0131n Turgutlu il\u00e7esinde sergilenerek vatanda\u015flar\u0131n be\u011fenisine sunuldu.<br \/>\n<br \/>Manisa\u2019n\u0131n Turgutlu il\u00e7esindeki bir al\u0131\u015fveri\u015f merkezinde ger\u00e7ekle\u015fen foto\u011fraf sergisinin a\u00e7\u0131l\u0131\u015f\u0131na; Manisa \u0130l Tar\u0131m ve Orman M\u00fcd\u00fcr\u00fc Metin \u00d6zt\u00fcrk, \u0130l M\u00fcd\u00fcr Yard\u0131mc\u0131s\u0131 Serdar Mersinli, Turgutlu \u0130l\u00e7e Tar\u0131m ve Orman M\u00fcd\u00fcr\u00fc Musa \u00c7all\u0131, \u0130\u015fletme M\u00fcd\u00fcr\u00fc Mehmet Cabir \u00d6nde\u015f, teknik personeller ve vatanda\u015flar kat\u0131ld\u0131.<br \/>\n<br \/>Yar\u0131\u015fmaya ve sergiye ili\u015fkin a\u00e7\u0131klamalarda bulunan Manisa \u0130l Tar\u0131m ve Orman M\u00fcd\u00fcr\u00fc Metin \u00d6zt\u00fcrk, \u201cTar\u0131m ve Orman Bakanl\u0131\u011f\u0131 E\u011fitim ve Yay\u0131n Dairesi Ba\u015fkanl\u0131\u011f\u0131 taraf\u0131ndan tar\u0131m\u0131n, orman\u0131n, topra\u011f\u0131n, suyun vs. \u00f6nemi konusunda duyarl\u0131l\u0131\u011f\u0131n geli\u015ftirilmesini; tar\u0131msal geli\u015fmeler ile tar\u0131m, orman, do\u011fa, \u00e7evre ve insan ili\u015fkilerinin estetik ve \u00f6znel bak\u0131\u015f a\u00e7\u0131lar\u0131yla ar\u015fivlerde yerini almas\u0131n\u0131 sa\u011flamak amac\u0131yla 2009 y\u0131l\u0131ndan bu yana \u2019Tar\u0131m Orman ve \u0130nsan Foto\u011fraf Yar\u0131\u015fmas\u0131\u2019 d\u00fczenlenmektedir. \u2019Tar\u0131m Orman ve \u0130nsan Foto\u011fraf Yar\u0131\u015fmas\u0131\u2019 2024 y\u0131l\u0131nda uluslararas\u0131 boyuta ta\u015f\u0131narak 14. Uluslararas\u0131 Tar\u0131m Orman ve \u0130nsan Foto\u011fraf Yar\u0131\u015fmas\u0131 (UTO\u0130FY) ad\u0131yla icra edildi. 9 Eyl\u00fcl 2024\u2019te ba\u015fvurular\u0131 sona eren yar\u0131\u015fma 6 farkl\u0131 kategoride ger\u00e7ekle\u015ftirildi. Yar\u0131\u015fmac\u0131lar; tar\u0131m, hayvanc\u0131l\u0131k, orman, toprak, su, su \u00fcr\u00fcnleri, g\u0131da ve muhafazas\u0131, her t\u00fcrl\u00fc tar\u0131m hareketlili\u011finin i\u015flenmesi, \u00fcretici, \u00e7ift\u00e7i, \u00e7oban, k\u00f6yl\u00fc ve k\u00f6y ya\u015fam\u0131na dair faaliyetleri konu alan foto\u011fraflarla yar\u0131\u015fmaya kat\u0131ld\u0131lar. Yar\u0131\u015fmaya toplam bin 988 kat\u0131l\u0131mc\u0131 8 bin 776 eserle kat\u0131ld\u0131. Se\u00e7ici kurul taraf\u0131ndan 13 eser \u00f6d\u00fcle lay\u0131k bulunurken 120 eser de sergilenmek \u00fczere se\u00e7ildi. Ayr\u0131ca bir eser de Tar\u0131m ve Orman Bakan\u0131 \u0130brahim Yumakl\u0131 taraf\u0131ndan \u2019Bakan \u00d6zel \u00d6d\u00fcl\u00fc\u2019ne lay\u0131k g\u00f6r\u00fcld\u00fc. Sergimizde, T\u00fcrkiye\u2019nin bir\u00e7ok y\u00f6resinden \u00e7ekilmi\u015f olan bu foto\u011fraflarda, herkes kendinden bir \u015feyler bulabilecektir. Foto\u011fraflarda, tar\u0131m ve insan ili\u015fkisi \u00e7ok g\u00fczel anlat\u0131lmaktad\u0131r. Ba\u015fta bu foto\u011fraflar\u0131 \u00e7ekmek i\u00e7in emek harcayan yar\u0131\u015fmac\u0131lar\u0131m\u0131z olmak \u00fczere, serginin haz\u0131rlanmas\u0131nda eme\u011fi ge\u00e7en herkese te\u015fekk\u00fcr ediyor, Manisal\u0131 foto\u011fraf severleri ve \u00fcreticilerimizi sergimizi g\u00f6rmeye bekliyoruz\u201d dedi.<br \/>\n<br \/>Sergi a\u00e7\u0131l\u0131\u015f\u0131n\u0131n ger\u00e7ekle\u015fmesinin ard\u0131ndan protokol \u00fcyeleri ve vatanda\u015flar foto\u011fraflar\u0131 tek tek inceledi. Program sonunda kat\u0131l\u0131mc\u0131lara \u00e7e\u015fitli hediyeler takdim edildi.<br \/><\/p>\n","protected":false},"excerpt":{"rendered":"<p>Tar\u0131m ve Orman Bakanl\u0131\u011f\u0131, E\u011fitim ve Yay\u0131n Dairesi Ba\u015fkanl\u0131\u011f\u0131\u2019n\u0131n d\u00fczenledi\u011fi Uluslararas\u0131 Tar\u0131m Orman ve \u0130nsan Foto\u011fraf Yar\u0131\u015fmas\u0131\u2019nda dereceye giren foto\u011fraflar Manisa\u2019n\u0131n Turgutlu il\u00e7esinde sergilenerek vatanda\u015flar\u0131n be\u011fenisine sunuldu. Manisa\u2019n\u0131n Turgutlu il\u00e7esindeki bir al\u0131\u015fveri\u015f merkezinde ger\u00e7ekle\u015fen foto\u011fraf sergisinin a\u00e7\u0131l\u0131\u015f\u0131na; Manisa \u0130l Tar\u0131m ve Orman M\u00fcd\u00fcr\u00fc Metin \u00d6zt\u00fcrk, \u0130l M\u00fcd\u00fcr Yard\u0131mc\u0131s\u0131 Serdar Mersinli, Turgutlu \u0130l\u00e7e Tar\u0131m ve Orman&#8230;<\/p>\n","protected":false},"author":1,"featured_media":12923,"comment_status":"open","ping_status":"open","sticky":false,"template":"","format":"standard","meta":{"_crdt_document":"","footnotes":""},"categories":[1],"tags":[],"class_list":["post-12922","post","type-post","status-publish","format-standard","has-post-thumbnail","hentry","category-guncel"],"_links":{"self":[{"href":"https:\/\/www.egemtv.com\/index.php?rest_route=\/wp\/v2\/posts\/12922","targetHints":{"allow":["GET"]}}],"collection":[{"href":"https:\/\/www.egemtv.com\/index.php?rest_route=\/wp\/v2\/posts"}],"about":[{"href":"https:\/\/www.egemtv.com\/index.php?rest_route=\/wp\/v2\/types\/post"}],"author":[{"embeddable":true,"href":"https:\/\/www.egemtv.com\/index.php?rest_route=\/wp\/v2\/users\/1"}],"replies":[{"embeddable":true,"href":"https:\/\/www.egemtv.com\/index.php?rest_route=%2Fwp%2Fv2%2Fcomments&post=12922"}],"version-history":[{"count":1,"href":"https:\/\/www.egemtv.com\/index.php?rest_route=\/wp\/v2\/posts\/12922\/revisions"}],"predecessor-version":[{"id":12924,"href":"https:\/\/www.egemtv.com\/index.php?rest_route=\/wp\/v2\/posts\/12922\/revisions\/12924"}],"wp:featuredmedia":[{"embeddable":true,"href":"https:\/\/www.egemtv.com\/index.php?rest_route=\/wp\/v2\/media\/12923"}],"wp:attachment":[{"href":"https:\/\/www.egemtv.com\/index.php?rest_route=%2Fwp%2Fv2%2Fmedia&parent=12922"}],"wp:term":[{"taxonomy":"category","embeddable":true,"href":"https:\/\/www.egemtv.com\/index.php?rest_route=%2Fwp%2Fv2%2Fcategories&post=12922"},{"taxonomy":"post_tag","embeddable":true,"href":"https:\/\/www.egemtv.com\/index.php?rest_route=%2Fwp%2Fv2%2Ftags&post=12922"}],"curies":[{"name":"wp","href":"https:\/\/api.w.org\/{rel}","templated":true}]}}